{"id":1043,"date":"2014-03-24T10:00:05","date_gmt":"2014-03-24T09:00:05","guid":{"rendered":"http:\/\/www.hommes-adorateurs.fr\/?p=1043"},"modified":"2014-03-24T15:33:15","modified_gmt":"2014-03-24T14:33:15","slug":"le-general-et-la-vierge-marie","status":"publish","type":"post","link":"https:\/\/www.hommes-adorateurs.fr\/?p=1043","title":{"rendered":"Le G\u00e9n\u00e9ral et la Vierge Marie"},"content":{"rendered":"<p><em>Nous laissons \u00e0 nouveau la parole au G\u00e9n\u00e9ral Delaunay, \u00ab\u00a0homme-adorateur d&rsquo;honneur\u00a0\u00bb,\u00a0<strong>chef\u00a0de l\u2019\u00e9tat-major de l\u2019arm\u00e9e de Terre<\/strong>\u00a0fran\u00e7aise du\u00a0<abbr title=\"Premier\">1er<\/abbr>\u00a0octobre\u00a01980\u00a0au 9 mars\u00a01983 :<\/em><\/p>\n<p><img loading=\"lazy\" decoding=\"async\" class=\"size-medium wp-image-1044 alignleft\" alt=\"delaunay 2\" src=\"http:\/\/www.hommes-adorateurs.fr\/wp-content\/uploads\/2014\/03\/delaunay-2-300x300.jpg\" width=\"300\" height=\"300\" srcset=\"https:\/\/www.hommes-adorateurs.fr\/wp-content\/uploads\/2014\/03\/delaunay-2-300x300.jpg 300w, https:\/\/www.hommes-adorateurs.fr\/wp-content\/uploads\/2014\/03\/delaunay-2-150x150.jpg 150w, https:\/\/www.hommes-adorateurs.fr\/wp-content\/uploads\/2014\/03\/delaunay-2-290x290.jpg 290w, https:\/\/www.hommes-adorateurs.fr\/wp-content\/uploads\/2014\/03\/delaunay-2.jpg 325w\" sizes=\"auto, (max-width: 300px) 100vw, 300px\" \/><\/p>\n<p><b><i>Le Seigneur a fait pour moi des merveilles<\/i><\/b>. J\u2019ai 91 ans. Mari\u00e9 depuis 62 ans, nous avons eu 4 enfants. Les 3 vivants nous ont donn\u00e9 11 petits-enfants et bient\u00f4t 21 arri\u00e8res. J\u2019ai pass\u00e9 40 ans dans l\u2019arm\u00e9e. Puis, j\u2019ai \u00e9t\u00e9 visiteur de prison, cat\u00e9chiste, animateur d\u2019association et \u00e9crivain.<\/p>\n<p>La d\u00e9votion \u00e0 Marie faisait partie de mon environnement familial. Pour ma grand-m\u00e8re, veuve \u00e0 30 ans et pauvre, le p\u00e8lerinage annuel \u00e0 Lourdes et le chapelet \u00e9taient tout son horizon terrestre. Mon p\u00e8re \u00e9grenait son rosaire dans sa poche dans le M\u00e9tro, ce qui lui a valu un jour, pendant l\u2019Occupation, d\u2019\u00eatre mis en joue par un officier allemands qui croyait qu\u2019il chargeait son revolver pour le tuer\u2026 Ma m\u00e8re \u00e9tait aussi tr\u00e8s pieuse. Dans mon coll\u00e8ge, le chapelet faisait partie de notre quotidien. <b>Bref, j\u2019ai baign\u00e9 dans les Ave Maria<\/b>\u00a0!<\/p>\n<p>Au d\u00e9but de ma vie, ayant pris un peu de distance avec le Bon Dieu, j\u2019ai surtout invoqu\u00e9 la Vierge dans les moments difficiles. Comme ado pendant l\u2019exode de 1940, au milieu des fuyards mitraill\u00e9s par les avions. Comme soldat \u00e0 la Lib\u00e9ration, puis comme officier en Indochine, quand ayant perdu ma main droite \u00e0 26 ans, je suis reparti au combat.\u00a0Rentr\u00e9 en France, j\u2019ai rencontr\u00e9 Monique et elle m\u2019a emmen\u00e9 \u00e0 la messe de 7 H le lendemain de nos fian\u00e7ailles&#8230; Le soir de notre mariage, nous nous sommes mis \u00e0 genoux et ce <i>\u00ab\u00a0Je vous Salue, Marie<\/i>\u00a0\u00bb, r\u00e9cit\u00e9\u00a0 c\u00f4te \u00e0 c\u00f4te, a conditionn\u00e9 toute la suite des \u00e9v\u00e8nements.<\/p>\n<p>En 1957, au Maroc, nous sommes rentr\u00e9s aux \u00e9quipes Notre Dame. J\u2019y ai \u00e9t\u00e9 litt\u00e9ralement <b>converti<\/b>, mon impr\u00e9gnation religieuse d\u2019enfant devenant une foi d\u2019adulte. Cela m\u2019a permis notamment de r\u00e9agir (positivement\u00a0?) \u00e0 la mort de notre fille Pascale. La Sainte Vierge a d\u00fb interc\u00e9der tr\u00e8s fort pour nous car Brigitte est arriv\u00e9e un an apr\u00e8s.\u00a0Et puis, la vie a continu\u00e9\u00a0: une vingtaine de d\u00e9m\u00e9nagements, en Alg\u00e9rie et en France et, partout, <b>les \u00e9quipes Notre Dame, cadre et aiguillon de notre vie chr\u00e9tienne\u2026\u00a0<\/b>Ayant l\u2019habitude de prier ensemble, nous pr\u00e9sentions \u00e0 Dieu par Marie, nos joies, notamment le mariage des enfants, mes responsabilit\u00e9s grandissantes et nos soucis.<\/p>\n<p>Devenu chef de l\u2019arm\u00e9e de terre en 1980 et entr\u00e9 en conflit avec le gouvernement en 1983, j\u2019ai d\u00e9missionn\u00e9.\u00a0La retraite nous a permis de continuer \u00e0 servir l\u2019Eglise \u00e0 travers nos fr\u00e8res sous le regard de Marie. Elle entrait avec moi en prison et parlait avec moi quand nous animions des sessions de formation sur l\u2019oraison ou quand je faisais le cat\u00e9chisme. Il faut dire que <strong>je dis souvent mon chapelet<\/strong> (autrefois en faisant mon footing du matin et maintenant en marchant pesamment.) Aujourd\u2019hui encore, nous le disons <strong>chaque jour en auto ou \u00e0 la maison<\/strong>.<\/p>\n<p>J\u2019ai vu mourir sous mes yeux beaucoup de gens\u00a0: des soldats et des civils \u00e0 la guerre, et, depuis, ma fille, mon p\u00e8re et mon beau-p\u00e8re. J\u2019ai perdu mes deux s\u0153urs plus jeunes que moi et j\u2019enterre souvent un ami. Je sais que ce sera bient\u00f4t mon tour. J\u2019attends la mort avec confiance et dans la s\u00e9r\u00e9nit\u00e9 car je sais qu\u2019ayant dit souvent, comme mes parents, \u00ab\u00a0et \u00e0 l\u2019heure de notre mort\u00a0\u00bb, Marie sera l\u00e0 pour me pr\u00e9senter \u00e0 son Fils.<\/p>\n<p>Dans la m\u00eame\u00a0 perspective, nous venons de lancer dans notre paroisse \u00ab<i>\u00a0La vie devant nous\u00a0\u00bb,<\/i> un mouvement pour les chr\u00e9tiens de plus de 80 ans. Nous l\u2019avons confi\u00e9 \u00e0 Marie.<\/p>\n<p>\u00ab\u00a0<b><i>En tes mains Seigneur, je remets mon esprit<\/i><\/b>\u00a0\u00bb.<\/p>\n<p><b>Merci, Marie.<\/b><\/p>\n<p align=\"right\">Jean Delaunay<\/p>\n","protected":false},"excerpt":{"rendered":"<p>Nous laissons \u00e0 nouveau la parole au G\u00e9n\u00e9ral Delaunay, \u00ab\u00a0homme-adorateur d&rsquo;honneur\u00a0\u00bb,\u00a0chef\u00a0de l\u2019\u00e9tat-major de l\u2019arm\u00e9e de Terre\u00a0fran\u00e7aise du\u00a01er\u00a0octobre\u00a01980\u00a0au 9 mars\u00a01983 : Le Seigneur a fait pour moi des merveilles. J\u2019ai 91 ans. Mari\u00e9 depuis 62 ans, nous avons eu 4 enfants. Les 3 vivants nous ont donn\u00e9 11 petits-enfants et bient\u00f4t 21 arri\u00e8res. J\u2019ai pass\u00e9 40 &hellip;<\/p>\n","protected":false},"author":2,"featured_media":1044,"comment_status":"open","ping_status":"open","sticky":false,"template":"","format":"standard","meta":{"footnotes":""},"categories":[6],"tags":[44,126,22],"class_list":["post-1043","post","type-post","status-publish","format-standard","has-post-thumbnail","hentry","category-articles","tag-chapelet","tag-general-delaunay","tag-marie"],"yoast_head":"<!-- This site is optimized with the Yoast SEO plugin v27.1.1 - https:\/\/yoast.com\/product\/yoast-seo-wordpress\/ -->\n<title>Le G\u00e9n\u00e9ral et la Vierge Marie - Les hommes-adorateurs<\/title>\n<meta name=\"description\" content=\"Nous laissons \u00e0 nouveau la parole au G\u00e9n\u00e9ral Delaunay, &quot;homme-adorateur d&#039;honneur&quot;,\u00a0chef\u00a0de l\u2019\u00e9tat-major de l\u2019arm\u00e9e de Terre\u00a0fran\u00e7aise\" \/>\n<meta name=\"robots\" content=\"index, follow, max-snippet:-1, max-image-preview:large, max-video-preview:-1\" \/>\n<link rel=\"canonical\" href=\"https:\/\/www.hommes-adorateurs.fr\/?p=1043\" \/>\n<meta property=\"og:locale\" content=\"fr_FR\" \/>\n<meta property=\"og:type\" content=\"article\" \/>\n<meta property=\"og:title\" content=\"Le G\u00e9n\u00e9ral et la Vierge Marie - Les hommes-adorateurs\" \/>\n<meta property=\"og:description\" content=\"Nous laissons \u00e0 nouveau la parole au G\u00e9n\u00e9ral Delaunay, &quot;homme-adorateur d&#039;honneur&quot;,\u00a0chef\u00a0de l\u2019\u00e9tat-major de l\u2019arm\u00e9e de Terre\u00a0fran\u00e7aise\" \/>\n<meta property=\"og:url\" content=\"https:\/\/www.hommes-adorateurs.fr\/?p=1043\" \/>\n<meta property=\"og:site_name\" content=\"Les hommes-adorateurs\" \/>\n<meta property=\"article:published_time\" content=\"2014-03-24T09:00:05+00:00\" \/>\n<meta property=\"article:modified_time\" content=\"2014-03-24T14:33:15+00:00\" \/>\n<meta property=\"og:image\" content=\"https:\/\/www.hommes-adorateurs.fr\/wp-content\/uploads\/2014\/03\/delaunay-2.jpg\" \/>\n\t<meta property=\"og:image:width\" content=\"325\" \/>\n\t<meta property=\"og:image:height\" content=\"325\" \/>\n\t<meta property=\"og:image:type\" content=\"image\/jpeg\" \/>\n<meta name=\"author\" content=\"Gr\u00e9gory\" \/>\n<meta name=\"twitter:card\" content=\"summary_large_image\" \/>\n<meta name=\"twitter:label1\" content=\"\u00c9crit par\" \/>\n\t<meta name=\"twitter:data1\" content=\"Gr\u00e9gory\" \/>\n\t<meta name=\"twitter:label2\" content=\"Dur\u00e9e de lecture estim\u00e9e\" \/>\n\t<meta name=\"twitter:data2\" content=\"3 minutes\" \/>\n<script type=\"application\/ld+json\" class=\"yoast-schema-graph\">{\"@context\":\"https:\/\/schema.org\",\"@graph\":[{\"@type\":\"Article\",\"@id\":\"https:\/\/www.hommes-adorateurs.fr\/?p=1043#article\",\"isPartOf\":{\"@id\":\"https:\/\/www.hommes-adorateurs.fr\/?p=1043\"},\"author\":{\"name\":\"Gr\u00e9gory\",\"@id\":\"https:\/\/www.hommes-adorateurs.fr\/#\/schema\/person\/a3d3d8f5ed91b6bf7f1deb55926b625a\"},\"headline\":\"Le G\u00e9n\u00e9ral et la Vierge Marie\",\"datePublished\":\"2014-03-24T09:00:05+00:00\",\"dateModified\":\"2014-03-24T14:33:15+00:00\",\"mainEntityOfPage\":{\"@id\":\"https:\/\/www.hommes-adorateurs.fr\/?p=1043\"},\"wordCount\":662,\"commentCount\":0,\"image\":{\"@id\":\"https:\/\/www.hommes-adorateurs.fr\/?p=1043#primaryimage\"},\"thumbnailUrl\":\"https:\/\/www.hommes-adorateurs.fr\/wp-content\/uploads\/2014\/03\/delaunay-2.jpg\",\"keywords\":[\"chapelet\",\"G\u00e9n\u00e9ral Delaunay\",\"marie\"],\"articleSection\":[\"Articles\"],\"inLanguage\":\"fr-FR\",\"potentialAction\":[{\"@type\":\"CommentAction\",\"name\":\"Comment\",\"target\":[\"https:\/\/www.hommes-adorateurs.fr\/?p=1043#respond\"]}]},{\"@type\":\"WebPage\",\"@id\":\"https:\/\/www.hommes-adorateurs.fr\/?p=1043\",\"url\":\"https:\/\/www.hommes-adorateurs.fr\/?p=1043\",\"name\":\"Le G\u00e9n\u00e9ral et la Vierge Marie - Les hommes-adorateurs\",\"isPartOf\":{\"@id\":\"https:\/\/www.hommes-adorateurs.fr\/#website\"},\"primaryImageOfPage\":{\"@id\":\"https:\/\/www.hommes-adorateurs.fr\/?p=1043#primaryimage\"},\"image\":{\"@id\":\"https:\/\/www.hommes-adorateurs.fr\/?p=1043#primaryimage\"},\"thumbnailUrl\":\"https:\/\/www.hommes-adorateurs.fr\/wp-content\/uploads\/2014\/03\/delaunay-2.jpg\",\"datePublished\":\"2014-03-24T09:00:05+00:00\",\"dateModified\":\"2014-03-24T14:33:15+00:00\",\"author\":{\"@id\":\"https:\/\/www.hommes-adorateurs.fr\/#\/schema\/person\/a3d3d8f5ed91b6bf7f1deb55926b625a\"},\"description\":\"Nous laissons \u00e0 nouveau la parole au G\u00e9n\u00e9ral Delaunay, \\\"homme-adorateur d'honneur\\\",\u00a0chef\u00a0de l\u2019\u00e9tat-major de l\u2019arm\u00e9e de Terre\u00a0fran\u00e7aise\",\"breadcrumb\":{\"@id\":\"https:\/\/www.hommes-adorateurs.fr\/?p=1043#breadcrumb\"},\"inLanguage\":\"fr-FR\",\"potentialAction\":[{\"@type\":\"ReadAction\",\"target\":[\"https:\/\/www.hommes-adorateurs.fr\/?p=1043\"]}]},{\"@type\":\"ImageObject\",\"inLanguage\":\"fr-FR\",\"@id\":\"https:\/\/www.hommes-adorateurs.fr\/?p=1043#primaryimage\",\"url\":\"https:\/\/www.hommes-adorateurs.fr\/wp-content\/uploads\/2014\/03\/delaunay-2.jpg\",\"contentUrl\":\"https:\/\/www.hommes-adorateurs.fr\/wp-content\/uploads\/2014\/03\/delaunay-2.jpg\",\"width\":325,\"height\":325},{\"@type\":\"BreadcrumbList\",\"@id\":\"https:\/\/www.hommes-adorateurs.fr\/?p=1043#breadcrumb\",\"itemListElement\":[{\"@type\":\"ListItem\",\"position\":1,\"name\":\"Accueil\",\"item\":\"https:\/\/www.hommes-adorateurs.fr\/\"},{\"@type\":\"ListItem\",\"position\":2,\"name\":\"Le G\u00e9n\u00e9ral et la Vierge Marie\"}]},{\"@type\":\"WebSite\",\"@id\":\"https:\/\/www.hommes-adorateurs.fr\/#website\",\"url\":\"https:\/\/www.hommes-adorateurs.fr\/\",\"name\":\"Les hommes-adorateurs\",\"description\":\"Un saint est un homme avant d\u2019\u00eatre un saint. Un saint peut na\u00eetre en toute sorte d\u2019homme.  Gilbert Keith Chesterton\",\"potentialAction\":[{\"@type\":\"SearchAction\",\"target\":{\"@type\":\"EntryPoint\",\"urlTemplate\":\"https:\/\/www.hommes-adorateurs.fr\/?s={search_term_string}\"},\"query-input\":{\"@type\":\"PropertyValueSpecification\",\"valueRequired\":true,\"valueName\":\"search_term_string\"}}],\"inLanguage\":\"fr-FR\"},{\"@type\":\"Person\",\"@id\":\"https:\/\/www.hommes-adorateurs.fr\/#\/schema\/person\/a3d3d8f5ed91b6bf7f1deb55926b625a\",\"name\":\"Gr\u00e9gory\",\"image\":{\"@type\":\"ImageObject\",\"inLanguage\":\"fr-FR\",\"@id\":\"https:\/\/www.hommes-adorateurs.fr\/#\/schema\/person\/image\/\",\"url\":\"https:\/\/secure.gravatar.com\/avatar\/8a2d5be3467ed460a507b5e187731ee898691d21c11235bdf2801e61e2129363?s=96&d=mm&r=g\",\"contentUrl\":\"https:\/\/secure.gravatar.com\/avatar\/8a2d5be3467ed460a507b5e187731ee898691d21c11235bdf2801e61e2129363?s=96&d=mm&r=g\",\"caption\":\"Gr\u00e9gory\"},\"sameAs\":[\"http:\/\/www.hommes-adorateurs.fr\/\"],\"url\":\"https:\/\/www.hommes-adorateurs.fr\/?author=2\"}]}<\/script>\n<!-- \/ Yoast SEO plugin. -->","yoast_head_json":{"title":"Le G\u00e9n\u00e9ral et la Vierge Marie - Les hommes-adorateurs","description":"Nous laissons \u00e0 nouveau la parole au G\u00e9n\u00e9ral Delaunay, \"homme-adorateur d'honneur\",\u00a0chef\u00a0de l\u2019\u00e9tat-major de l\u2019arm\u00e9e de Terre\u00a0fran\u00e7aise","robots":{"index":"index","follow":"follow","max-snippet":"max-snippet:-1","max-image-preview":"max-image-preview:large","max-video-preview":"max-video-preview:-1"},"canonical":"https:\/\/www.hommes-adorateurs.fr\/?p=1043","og_locale":"fr_FR","og_type":"article","og_title":"Le G\u00e9n\u00e9ral et la Vierge Marie - Les hommes-adorateurs","og_description":"Nous laissons \u00e0 nouveau la parole au G\u00e9n\u00e9ral Delaunay, \"homme-adorateur d'honneur\",\u00a0chef\u00a0de l\u2019\u00e9tat-major de l\u2019arm\u00e9e de Terre\u00a0fran\u00e7aise","og_url":"https:\/\/www.hommes-adorateurs.fr\/?p=1043","og_site_name":"Les hommes-adorateurs","article_published_time":"2014-03-24T09:00:05+00:00","article_modified_time":"2014-03-24T14:33:15+00:00","og_image":[{"width":325,"height":325,"url":"https:\/\/www.hommes-adorateurs.fr\/wp-content\/uploads\/2014\/03\/delaunay-2.jpg","type":"image\/jpeg"}],"author":"Gr\u00e9gory","twitter_card":"summary_large_image","twitter_misc":{"\u00c9crit par":"Gr\u00e9gory","Dur\u00e9e de lecture estim\u00e9e":"3 minutes"},"schema":{"@context":"https:\/\/schema.org","@graph":[{"@type":"Article","@id":"https:\/\/www.hommes-adorateurs.fr\/?p=1043#article","isPartOf":{"@id":"https:\/\/www.hommes-adorateurs.fr\/?p=1043"},"author":{"name":"Gr\u00e9gory","@id":"https:\/\/www.hommes-adorateurs.fr\/#\/schema\/person\/a3d3d8f5ed91b6bf7f1deb55926b625a"},"headline":"Le G\u00e9n\u00e9ral et la Vierge Marie","datePublished":"2014-03-24T09:00:05+00:00","dateModified":"2014-03-24T14:33:15+00:00","mainEntityOfPage":{"@id":"https:\/\/www.hommes-adorateurs.fr\/?p=1043"},"wordCount":662,"commentCount":0,"image":{"@id":"https:\/\/www.hommes-adorateurs.fr\/?p=1043#primaryimage"},"thumbnailUrl":"https:\/\/www.hommes-adorateurs.fr\/wp-content\/uploads\/2014\/03\/delaunay-2.jpg","keywords":["chapelet","G\u00e9n\u00e9ral Delaunay","marie"],"articleSection":["Articles"],"inLanguage":"fr-FR","potentialAction":[{"@type":"CommentAction","name":"Comment","target":["https:\/\/www.hommes-adorateurs.fr\/?p=1043#respond"]}]},{"@type":"WebPage","@id":"https:\/\/www.hommes-adorateurs.fr\/?p=1043","url":"https:\/\/www.hommes-adorateurs.fr\/?p=1043","name":"Le G\u00e9n\u00e9ral et la Vierge Marie - Les hommes-adorateurs","isPartOf":{"@id":"https:\/\/www.hommes-adorateurs.fr\/#website"},"primaryImageOfPage":{"@id":"https:\/\/www.hommes-adorateurs.fr\/?p=1043#primaryimage"},"image":{"@id":"https:\/\/www.hommes-adorateurs.fr\/?p=1043#primaryimage"},"thumbnailUrl":"https:\/\/www.hommes-adorateurs.fr\/wp-content\/uploads\/2014\/03\/delaunay-2.jpg","datePublished":"2014-03-24T09:00:05+00:00","dateModified":"2014-03-24T14:33:15+00:00","author":{"@id":"https:\/\/www.hommes-adorateurs.fr\/#\/schema\/person\/a3d3d8f5ed91b6bf7f1deb55926b625a"},"description":"Nous laissons \u00e0 nouveau la parole au G\u00e9n\u00e9ral Delaunay, \"homme-adorateur d'honneur\",\u00a0chef\u00a0de l\u2019\u00e9tat-major de l\u2019arm\u00e9e de Terre\u00a0fran\u00e7aise","breadcrumb":{"@id":"https:\/\/www.hommes-adorateurs.fr\/?p=1043#breadcrumb"},"inLanguage":"fr-FR","potentialAction":[{"@type":"ReadAction","target":["https:\/\/www.hommes-adorateurs.fr\/?p=1043"]}]},{"@type":"ImageObject","inLanguage":"fr-FR","@id":"https:\/\/www.hommes-adorateurs.fr\/?p=1043#primaryimage","url":"https:\/\/www.hommes-adorateurs.fr\/wp-content\/uploads\/2014\/03\/delaunay-2.jpg","contentUrl":"https:\/\/www.hommes-adorateurs.fr\/wp-content\/uploads\/2014\/03\/delaunay-2.jpg","width":325,"height":325},{"@type":"BreadcrumbList","@id":"https:\/\/www.hommes-adorateurs.fr\/?p=1043#breadcrumb","itemListElement":[{"@type":"ListItem","position":1,"name":"Accueil","item":"https:\/\/www.hommes-adorateurs.fr\/"},{"@type":"ListItem","position":2,"name":"Le G\u00e9n\u00e9ral et la Vierge Marie"}]},{"@type":"WebSite","@id":"https:\/\/www.hommes-adorateurs.fr\/#website","url":"https:\/\/www.hommes-adorateurs.fr\/","name":"Les hommes-adorateurs","description":"Un saint est un homme avant d\u2019\u00eatre un saint. Un saint peut na\u00eetre en toute sorte d\u2019homme.  Gilbert Keith Chesterton","potentialAction":[{"@type":"SearchAction","target":{"@type":"EntryPoint","urlTemplate":"https:\/\/www.hommes-adorateurs.fr\/?s={search_term_string}"},"query-input":{"@type":"PropertyValueSpecification","valueRequired":true,"valueName":"search_term_string"}}],"inLanguage":"fr-FR"},{"@type":"Person","@id":"https:\/\/www.hommes-adorateurs.fr\/#\/schema\/person\/a3d3d8f5ed91b6bf7f1deb55926b625a","name":"Gr\u00e9gory","image":{"@type":"ImageObject","inLanguage":"fr-FR","@id":"https:\/\/www.hommes-adorateurs.fr\/#\/schema\/person\/image\/","url":"https:\/\/secure.gravatar.com\/avatar\/8a2d5be3467ed460a507b5e187731ee898691d21c11235bdf2801e61e2129363?s=96&d=mm&r=g","contentUrl":"https:\/\/secure.gravatar.com\/avatar\/8a2d5be3467ed460a507b5e187731ee898691d21c11235bdf2801e61e2129363?s=96&d=mm&r=g","caption":"Gr\u00e9gory"},"sameAs":["http:\/\/www.hommes-adorateurs.fr\/"],"url":"https:\/\/www.hommes-adorateurs.fr\/?author=2"}]}},"_links":{"self":[{"href":"https:\/\/www.hommes-adorateurs.fr\/index.php?rest_route=\/wp\/v2\/posts\/1043","targetHints":{"allow":["GET"]}}],"collection":[{"href":"https:\/\/www.hommes-adorateurs.fr\/index.php?rest_route=\/wp\/v2\/posts"}],"about":[{"href":"https:\/\/www.hommes-adorateurs.fr\/index.php?rest_route=\/wp\/v2\/types\/post"}],"author":[{"embeddable":true,"href":"https:\/\/www.hommes-adorateurs.fr\/index.php?rest_route=\/wp\/v2\/users\/2"}],"replies":[{"embeddable":true,"href":"https:\/\/www.hommes-adorateurs.fr\/index.php?rest_route=%2Fwp%2Fv2%2Fcomments&post=1043"}],"version-history":[{"count":2,"href":"https:\/\/www.hommes-adorateurs.fr\/index.php?rest_route=\/wp\/v2\/posts\/1043\/revisions"}],"predecessor-version":[{"id":1059,"href":"https:\/\/www.hommes-adorateurs.fr\/index.php?rest_route=\/wp\/v2\/posts\/1043\/revisions\/1059"}],"wp:featuredmedia":[{"embeddable":true,"href":"https:\/\/www.hommes-adorateurs.fr\/index.php?rest_route=\/wp\/v2\/media\/1044"}],"wp:attachment":[{"href":"https:\/\/www.hommes-adorateurs.fr\/index.php?rest_route=%2Fwp%2Fv2%2Fmedia&parent=1043"}],"wp:term":[{"taxonomy":"category","embeddable":true,"href":"https:\/\/www.hommes-adorateurs.fr\/index.php?rest_route=%2Fwp%2Fv2%2Fcategories&post=1043"},{"taxonomy":"post_tag","embeddable":true,"href":"https:\/\/www.hommes-adorateurs.fr\/index.php?rest_route=%2Fwp%2Fv2%2Ftags&post=1043"}],"curies":[{"name":"wp","href":"https:\/\/api.w.org\/{rel}","templated":true}]}}