{"id":1177,"date":"2014-04-12T08:00:11","date_gmt":"2014-04-12T07:00:11","guid":{"rendered":"http:\/\/www.hommes-adorateurs.fr\/?p=1177"},"modified":"2014-04-12T12:30:09","modified_gmt":"2014-04-12T11:30:09","slug":"le-beret-pour-tous","status":"publish","type":"post","link":"https:\/\/www.hommes-adorateurs.fr\/?p=1177","title":{"rendered":"Le \u00ab\u00a0b\u00e9ret pour tous\u00a0\u00bb"},"content":{"rendered":"<p><a href=\"http:\/\/www.arditegia.com\/categories-les-berets-basques-140.html\"><img loading=\"lazy\" decoding=\"async\" class=\"alignleft size-medium wp-image-1184\" alt=\"DSC00660\" src=\"http:\/\/www.hommes-adorateurs.fr\/wp-content\/uploads\/2014\/04\/DSC00660-300x300.jpg\" width=\"300\" height=\"300\" srcset=\"https:\/\/www.hommes-adorateurs.fr\/wp-content\/uploads\/2014\/04\/DSC00660-300x300.jpg 300w, https:\/\/www.hommes-adorateurs.fr\/wp-content\/uploads\/2014\/04\/DSC00660-150x150.jpg 150w, https:\/\/www.hommes-adorateurs.fr\/wp-content\/uploads\/2014\/04\/DSC00660-290x290.jpg 290w, https:\/\/www.hommes-adorateurs.fr\/wp-content\/uploads\/2014\/04\/DSC00660.jpg 650w\" sizes=\"auto, (max-width: 300px) 100vw, 300px\" \/><\/a><\/p>\n<p align=\"justify\"><em>Aujourd&rsquo;hui, nous vous invitons \u00e0 porter le b\u00e9ret, et \u00e0 permettre \u00e0 vos jeunes enfants de participer \u00e0 une renaissance ! Au milieu des casquettes am\u00e9ricaines et autres couvre-chefs peu seyants, lan\u00e7ons une mode en harmonie avec notre culture : d\u00e8s maintenant \u00e9quipez-vous, \u00e9quipez vos enfants, par exemple sur le <a href=\"http:\/\/www.arditegia.com\/categories-les-berets-basques-140.html\">site\u00a0basque ardit\u00e9gia<\/a>, fournisseur de ma famille\u00a0! Nous d\u00e9dica\u00e7ons cet article \u00e0 nos amis basques, nos amis du dioc\u00e8se de Bayonne et \u00e0 notre cher Monseigneur Marc Aillet !<\/em><\/p>\n<p align=\"justify\"><strong style=\"line-height: 1.5em;\">Le b\u00e9ret<\/strong><span style=\"line-height: 1.5em;\">, coiffure souple en\u00a0feutre, est\u00a0couramment d\u00e9fini comme\u00a0<\/span><strong style=\"line-height: 1.5em;\">une toque de laine ronde et plate<\/strong><span style=\"line-height: 1.5em;\">, viendrait du mot\u00a0gascon\u00a0<\/span><i style=\"line-height: 1.5em;\">berret.<\/i><\/p>\n<h3>Origine<\/h3>\n<p>S<strong>i\u00a02000 ans avant JC<\/strong>, un bas relief d\u00e9couvert en <strong>Sardaigne<\/strong> repr\u00e9sente des hommes coiff\u00e9s de b\u00e9ret et si <strong>1000 avant JC<\/strong>,\u00a0un homme dans une tombe a \u00e9t\u00e9 d\u00e9couvert au <strong>Danemark<\/strong> coiff\u00e9 d&rsquo;un b\u00e9ret, l&rsquo;origine habituelle de la coiffe est traditionnellement situ\u00e9e dans le <strong>B\u00e9arn<\/strong>. <a href=\"http:\/\/www.arditegia.com\/categories-les-berets-basques-140.html\"><img loading=\"lazy\" decoding=\"async\" class=\"size-medium wp-image-1189 alignright\" alt=\"lou lou berte\" src=\"http:\/\/www.hommes-adorateurs.fr\/wp-content\/uploads\/2014\/04\/lou-lou-berte-201x300.jpg\" width=\"201\" height=\"300\" srcset=\"https:\/\/www.hommes-adorateurs.fr\/wp-content\/uploads\/2014\/04\/lou-lou-berte-201x300.jpg 201w, https:\/\/www.hommes-adorateurs.fr\/wp-content\/uploads\/2014\/04\/lou-lou-berte.jpg 402w\" sizes=\"auto, (max-width: 201px) 100vw, 201px\" \/><\/a> Son anc\u00eatre serait une sorte de<strong> p\u00e8lerine qui couvrait la t\u00eate et les \u00e9paules des soldats romains<\/strong> lors de l&rsquo;occupation de la vall\u00e9e d&rsquo;Aspe.<strong>\u00a0<\/strong>Une fois les occupants partis, les habitants l&rsquo;auraient adapt\u00e9 en ne conservant que l&rsquo;essentiel : le couvre chef.\u00a0<span style=\"line-height: 1.5em;\">Cette coiffure a ensuite fait partie d&rsquo; un <strong>ornement sacerdotal rouge fonc\u00e9<\/strong>, qu&rsquo; au temps de Saint-Cyprien, \u00e9v\u00eaque de Carthage, martyris\u00e9 en 258, on baptisait \u00ab\u00a0<em>le byrrium<\/em>\u00ab\u00a0<\/span> Les bergers b\u00e9arnais des vall\u00e9es d&rsquo;Aspe et d&rsquo;Ossau se mirent \u00e0 tricoter des b\u00e9rets qui, \u00e0 l&rsquo;usage, se feutr\u00e8rent et les prot\u00e9geaient alors des intemp\u00e9ries. Ce m\u00eame b\u00e9ret fut bien plus tard appel\u00e9 \u00ab\u00a0b\u00e9ret basque\u00a0\u00bb, \u00e0 cause d&rsquo;une intervention de Napol\u00e9on III,\u00a0\u00a0ne voyant \u00e0 Biarritz que des t\u00eates coiff\u00e9es de b\u00e9rets.<\/p>\n<p><span style=\"line-height: 1.5em;\">L<\/span><span style=\"line-height: 1.5em;\">e b\u00e9ret devint peu \u00e0 peu un<\/span><strong style=\"line-height: 1.5em;\"> embl\u00e8me national<\/strong><span style=\"line-height: 1.5em;\">,<\/span><span style=\"line-height: 1.5em;\">\u00a0un symbole associ\u00e9 \u00e0 l&rsquo;image du Fran\u00e7ais.<\/span><\/p>\n<h3>L&rsquo;usage du couvre-chef avec notre entourage<\/h3>\n<p>L&rsquo;usage du b\u00e9ret, pour les adultes comme pour les enfants, comporte un avantage de taille : il permet d&rsquo;apprendre quelques r\u00e8gles de savoir vivre, r\u00e8gles qui doivent toujours \u00eatre orient\u00e9es vers la vie de relation. En effet, <strong>si le chr\u00e9tien ne suit pas des principes, mais le Christ, car il veut faire de nous\u00a0une\u00a0cr\u00e9ation nouvelle<\/strong>, il ne nous interdit pas de profiter du bon sens de nos anciens, au contraire, en comprenant pourquoi des r\u00e8gles de savoir vivre se sont mises en place au long des si\u00e8cles. C&rsquo;est dans cette perspective que nous allons aborder le sujet de l&rsquo;usage du couvre-chef dans le savoir-vivre.<\/p>\n<p>Une r\u00e8gle de base : <strong>on ne porte pas le chapeau sur la t\u00eate \u00e0 l\u2019int\u00e9rieur,encore moins \u00a0lorsqu&rsquo;on est\u00a0invit\u00e9.<\/strong> Lorsqu&rsquo;on est invit\u00e9, l&rsquo;usage veut qu&rsquo;on ne le garde pas \u00e0 la main, mais qu&rsquo;on le d\u00e9pose \u00e0 l\u2019entr\u00e9e, avec ses effets. Un usage fort agr\u00e9able pour l&rsquo;entourage est de<strong> porter la main \u00e0 son chapeau<\/strong> pour saluer quelqu&rsquo;un que l&rsquo;on croise. En soulevant de la sorte son couvre-chef, on esquisse le mouvement par lequel on enl\u00e8ve le chapeau. En revanche, si on s&rsquo;arr\u00eate,<span style=\"line-height: 1.5em;\">\u00a0surtout s\u2019il y a une dame (oublions le regard inquisiteur de la\u00a0ministre\u00a0des\u00a0Droits des femmes), on l\u2019enl\u00e8ve, en signe ostensible de respect. (c&rsquo;est tr\u00e8s beau de souligner ce respect envers la femme, temple de la vie, sentinelle de l&rsquo;invisible !)<\/span><\/p>\n<p>Lorsqu&rsquo;on vit ces r\u00e8gles, et lorsqu&rsquo;on les apprend \u00e0 un enfant, il est int\u00e9ressant de r\u00e9aliser qu&rsquo;on apprend un <strong>acte humble<\/strong> et <strong>r\u00e9aliste<\/strong>\u00a0qui est celui de se soumettre \u00e0 des r\u00e8gles qui ne viennent pas de nous. \u00a0Nous faisons l&rsquo;effort de nous assujettir \u00e0 des r\u00e8gles qui, non seulement ne peuvent pas nuire \u00e0 la relation, mais au contraire, \u00a0la souligne.<\/p>\n<h3>L&rsquo;usage du couvre-chef dans les \u00e9glises<\/h3>\n<p><img loading=\"lazy\" decoding=\"async\" class=\"size-medium wp-image-1190 alignright\" alt=\"DSC00804\" src=\"http:\/\/www.hommes-adorateurs.fr\/wp-content\/uploads\/2014\/04\/DSC00804-300x224.jpg\" width=\"300\" height=\"224\" srcset=\"https:\/\/www.hommes-adorateurs.fr\/wp-content\/uploads\/2014\/04\/DSC00804-300x224.jpg 300w, https:\/\/www.hommes-adorateurs.fr\/wp-content\/uploads\/2014\/04\/DSC00804.jpg 935w\" sizes=\"auto, (max-width: 300px) 100vw, 300px\" \/> Dans ce contexte de respect, <strong>l&rsquo;homme \u00f4te \u00e9galement le b\u00e9ret<\/strong>\u00a0comme tout autre chapeau dans une \u00e9glise, ainsi que dans tout cimeti\u00e8re chr\u00e9tien.\u00a0Saint Paul disait : \u00ab\u00a0<em>Tout homme qui prie ou proph\u00e9tise la t\u00eate couverte fait affront \u00e0 son chef<\/em>\u00a0\u00bb (<span style=\"line-height: 1.5em;\">1 Co 11) et de m\u00eame l&rsquo;ancien droit canon,\u00a0<\/span><span style=\"line-height: 1.5em;\">en vigueur\u00a0jusqu&rsquo;en 1983, stipulait \u00ab\u00a0<em>\u00a7 2 Quand ils assistent aux fonctions\u00a0sacr\u00e9es, sp\u00e9cialement \u00e0 la Messe, soit \u00e0\u00a0<\/em><em>l&rsquo;\u00e9glise, soit au dehors, les hommes\u00a0doivent \u00eatre d\u00e9couverts, \u00e0 moins que les\u00a0circonstances n&rsquo;imposent le contraire, ou\u00a0que les usages n&rsquo;exigent qu&rsquo;ils restent\u00a0couverts<\/em>\u00a0\u00bb (Canon 1262)<\/span><\/p>\n<p>M\u00eame si le nouveau droit canonique ne mentionne rien sur ces facettes vestimentaires,<strong> si nous nous d\u00e9couvrons devant une personne, combien plus devons nous le faire devant notre Cr\u00e9ateur, devant le\u00a0\u00a0Roi des rois !<\/strong> Pour finir et pour illustrer ce dernier propos, voici un extrait de la chanson du b\u00e9ret :<\/p>\n<blockquote><p>Quand grand-papa travaille dans la vigne,<\/p>\n<p>Et qu\u2019\u00e0 l\u2019\u00e9glise on sonne tant et plus,<\/p>\n<p><strong>Pour la pri\u00e8re, il l\u2019enl\u00e8ve et se signe,<\/strong><\/p>\n<p><strong> Plus de\u00a0b\u00e9ret\u00a0quand sonne l\u2019ang\u00e9lus.<\/strong><\/p>\n<p style=\"text-align: center;\"><a href=\"http:\/\/www.hommes-adorateurs.fr\/wp-content\/uploads\/2014\/04\/Martin.jpg\"><img loading=\"lazy\" decoding=\"async\" class=\"size-medium wp-image-1185 aligncenter\" alt=\"Martin\" src=\"http:\/\/www.hommes-adorateurs.fr\/wp-content\/uploads\/2014\/04\/Martin-300x300.jpg\" width=\"300\" height=\"300\" srcset=\"https:\/\/www.hommes-adorateurs.fr\/wp-content\/uploads\/2014\/04\/Martin-300x300.jpg 300w, https:\/\/www.hommes-adorateurs.fr\/wp-content\/uploads\/2014\/04\/Martin-150x150.jpg 150w, https:\/\/www.hommes-adorateurs.fr\/wp-content\/uploads\/2014\/04\/Martin-290x290.jpg 290w, https:\/\/www.hommes-adorateurs.fr\/wp-content\/uploads\/2014\/04\/Martin.jpg 650w\" sizes=\"auto, (max-width: 300px) 100vw, 300px\" \/><\/a><\/p>\n<\/blockquote>\n","protected":false},"excerpt":{"rendered":"<p>Aujourd&rsquo;hui, nous vous invitons \u00e0 porter le b\u00e9ret, et \u00e0 permettre \u00e0 vos jeunes enfants de participer \u00e0 une renaissance ! Au milieu des casquettes am\u00e9ricaines et autres couvre-chefs peu seyants, lan\u00e7ons une mode en harmonie avec notre culture : d\u00e8s maintenant \u00e9quipez-vous, \u00e9quipez vos enfants, par exemple sur le site\u00a0basque ardit\u00e9gia, fournisseur de ma &hellip;<\/p>\n","protected":false},"author":2,"featured_media":1184,"comment_status":"open","ping_status":"open","sticky":false,"template":"","format":"standard","meta":{"footnotes":""},"categories":[6],"tags":[],"class_list":["post-1177","post","type-post","status-publish","format-standard","has-post-thumbnail","hentry","category-articles"],"yoast_head":"<!-- This site is optimized with the Yoast SEO plugin v27.1.1 - https:\/\/yoast.com\/product\/yoast-seo-wordpress\/ -->\n<title>Le &quot;b\u00e9ret pour tous&quot; - Les hommes-adorateurs<\/title>\n<meta name=\"description\" content=\"Aujourd&#039;hui, nous vous invitons \u00e0 porter le b\u00e9ret, et \u00e0 permettre \u00e0 vos jeunes enfants de participer \u00e0 une renaissance ! Au milieu des casquettes\" \/>\n<meta name=\"robots\" content=\"index, follow, max-snippet:-1, max-image-preview:large, max-video-preview:-1\" \/>\n<link rel=\"canonical\" href=\"https:\/\/www.hommes-adorateurs.fr\/?p=1177\" \/>\n<meta property=\"og:locale\" content=\"fr_FR\" \/>\n<meta property=\"og:type\" content=\"article\" \/>\n<meta property=\"og:title\" content=\"Le &quot;b\u00e9ret pour tous&quot; - Les hommes-adorateurs\" \/>\n<meta property=\"og:description\" content=\"Aujourd&#039;hui, nous vous invitons \u00e0 porter le b\u00e9ret, et \u00e0 permettre \u00e0 vos jeunes enfants de participer \u00e0 une renaissance ! Au milieu des casquettes\" \/>\n<meta property=\"og:url\" content=\"https:\/\/www.hommes-adorateurs.fr\/?p=1177\" \/>\n<meta property=\"og:site_name\" content=\"Les hommes-adorateurs\" \/>\n<meta property=\"article:published_time\" content=\"2014-04-12T07:00:11+00:00\" \/>\n<meta property=\"article:modified_time\" content=\"2014-04-12T11:30:09+00:00\" \/>\n<meta property=\"og:image\" content=\"https:\/\/www.hommes-adorateurs.fr\/wp-content\/uploads\/2014\/04\/DSC00660.jpg\" \/>\n\t<meta property=\"og:image:width\" content=\"650\" \/>\n\t<meta property=\"og:image:height\" content=\"650\" \/>\n\t<meta property=\"og:image:type\" content=\"image\/jpeg\" \/>\n<meta name=\"author\" content=\"Gr\u00e9gory\" \/>\n<meta name=\"twitter:card\" content=\"summary_large_image\" \/>\n<meta name=\"twitter:label1\" content=\"\u00c9crit par\" \/>\n\t<meta name=\"twitter:data1\" content=\"Gr\u00e9gory\" \/>\n\t<meta name=\"twitter:label2\" content=\"Dur\u00e9e de lecture estim\u00e9e\" \/>\n\t<meta name=\"twitter:data2\" content=\"4 minutes\" \/>\n<script type=\"application\/ld+json\" class=\"yoast-schema-graph\">{\"@context\":\"https:\/\/schema.org\",\"@graph\":[{\"@type\":\"Article\",\"@id\":\"https:\/\/www.hommes-adorateurs.fr\/?p=1177#article\",\"isPartOf\":{\"@id\":\"https:\/\/www.hommes-adorateurs.fr\/?p=1177\"},\"author\":{\"name\":\"Gr\u00e9gory\",\"@id\":\"https:\/\/www.hommes-adorateurs.fr\/#\/schema\/person\/a3d3d8f5ed91b6bf7f1deb55926b625a\"},\"headline\":\"Le \u00ab\u00a0b\u00e9ret pour tous\u00a0\u00bb\",\"datePublished\":\"2014-04-12T07:00:11+00:00\",\"dateModified\":\"2014-04-12T11:30:09+00:00\",\"mainEntityOfPage\":{\"@id\":\"https:\/\/www.hommes-adorateurs.fr\/?p=1177\"},\"wordCount\":858,\"commentCount\":0,\"image\":{\"@id\":\"https:\/\/www.hommes-adorateurs.fr\/?p=1177#primaryimage\"},\"thumbnailUrl\":\"https:\/\/www.hommes-adorateurs.fr\/wp-content\/uploads\/2014\/04\/DSC00660.jpg\",\"articleSection\":[\"Articles\"],\"inLanguage\":\"fr-FR\",\"potentialAction\":[{\"@type\":\"CommentAction\",\"name\":\"Comment\",\"target\":[\"https:\/\/www.hommes-adorateurs.fr\/?p=1177#respond\"]}]},{\"@type\":\"WebPage\",\"@id\":\"https:\/\/www.hommes-adorateurs.fr\/?p=1177\",\"url\":\"https:\/\/www.hommes-adorateurs.fr\/?p=1177\",\"name\":\"Le \\\"b\u00e9ret pour tous\\\" - Les hommes-adorateurs\",\"isPartOf\":{\"@id\":\"https:\/\/www.hommes-adorateurs.fr\/#website\"},\"primaryImageOfPage\":{\"@id\":\"https:\/\/www.hommes-adorateurs.fr\/?p=1177#primaryimage\"},\"image\":{\"@id\":\"https:\/\/www.hommes-adorateurs.fr\/?p=1177#primaryimage\"},\"thumbnailUrl\":\"https:\/\/www.hommes-adorateurs.fr\/wp-content\/uploads\/2014\/04\/DSC00660.jpg\",\"datePublished\":\"2014-04-12T07:00:11+00:00\",\"dateModified\":\"2014-04-12T11:30:09+00:00\",\"author\":{\"@id\":\"https:\/\/www.hommes-adorateurs.fr\/#\/schema\/person\/a3d3d8f5ed91b6bf7f1deb55926b625a\"},\"description\":\"Aujourd'hui, nous vous invitons \u00e0 porter le b\u00e9ret, et \u00e0 permettre \u00e0 vos jeunes enfants de participer \u00e0 une renaissance ! Au milieu des casquettes\",\"breadcrumb\":{\"@id\":\"https:\/\/www.hommes-adorateurs.fr\/?p=1177#breadcrumb\"},\"inLanguage\":\"fr-FR\",\"potentialAction\":[{\"@type\":\"ReadAction\",\"target\":[\"https:\/\/www.hommes-adorateurs.fr\/?p=1177\"]}]},{\"@type\":\"ImageObject\",\"inLanguage\":\"fr-FR\",\"@id\":\"https:\/\/www.hommes-adorateurs.fr\/?p=1177#primaryimage\",\"url\":\"https:\/\/www.hommes-adorateurs.fr\/wp-content\/uploads\/2014\/04\/DSC00660.jpg\",\"contentUrl\":\"https:\/\/www.hommes-adorateurs.fr\/wp-content\/uploads\/2014\/04\/DSC00660.jpg\",\"width\":650,\"height\":650},{\"@type\":\"BreadcrumbList\",\"@id\":\"https:\/\/www.hommes-adorateurs.fr\/?p=1177#breadcrumb\",\"itemListElement\":[{\"@type\":\"ListItem\",\"position\":1,\"name\":\"Accueil\",\"item\":\"https:\/\/www.hommes-adorateurs.fr\/\"},{\"@type\":\"ListItem\",\"position\":2,\"name\":\"Le \u00ab\u00a0b\u00e9ret pour tous\u00a0\u00bb\"}]},{\"@type\":\"WebSite\",\"@id\":\"https:\/\/www.hommes-adorateurs.fr\/#website\",\"url\":\"https:\/\/www.hommes-adorateurs.fr\/\",\"name\":\"Les hommes-adorateurs\",\"description\":\"Un saint est un homme avant d\u2019\u00eatre un saint. Un saint peut na\u00eetre en toute sorte d\u2019homme.  Gilbert Keith Chesterton\",\"potentialAction\":[{\"@type\":\"SearchAction\",\"target\":{\"@type\":\"EntryPoint\",\"urlTemplate\":\"https:\/\/www.hommes-adorateurs.fr\/?s={search_term_string}\"},\"query-input\":{\"@type\":\"PropertyValueSpecification\",\"valueRequired\":true,\"valueName\":\"search_term_string\"}}],\"inLanguage\":\"fr-FR\"},{\"@type\":\"Person\",\"@id\":\"https:\/\/www.hommes-adorateurs.fr\/#\/schema\/person\/a3d3d8f5ed91b6bf7f1deb55926b625a\",\"name\":\"Gr\u00e9gory\",\"image\":{\"@type\":\"ImageObject\",\"inLanguage\":\"fr-FR\",\"@id\":\"https:\/\/www.hommes-adorateurs.fr\/#\/schema\/person\/image\/\",\"url\":\"https:\/\/secure.gravatar.com\/avatar\/8a2d5be3467ed460a507b5e187731ee898691d21c11235bdf2801e61e2129363?s=96&d=mm&r=g\",\"contentUrl\":\"https:\/\/secure.gravatar.com\/avatar\/8a2d5be3467ed460a507b5e187731ee898691d21c11235bdf2801e61e2129363?s=96&d=mm&r=g\",\"caption\":\"Gr\u00e9gory\"},\"sameAs\":[\"http:\/\/www.hommes-adorateurs.fr\/\"],\"url\":\"https:\/\/www.hommes-adorateurs.fr\/?author=2\"}]}<\/script>\n<!-- \/ Yoast SEO plugin. -->","yoast_head_json":{"title":"Le \"b\u00e9ret pour tous\" - Les hommes-adorateurs","description":"Aujourd'hui, nous vous invitons \u00e0 porter le b\u00e9ret, et \u00e0 permettre \u00e0 vos jeunes enfants de participer \u00e0 une renaissance ! Au milieu des casquettes","robots":{"index":"index","follow":"follow","max-snippet":"max-snippet:-1","max-image-preview":"max-image-preview:large","max-video-preview":"max-video-preview:-1"},"canonical":"https:\/\/www.hommes-adorateurs.fr\/?p=1177","og_locale":"fr_FR","og_type":"article","og_title":"Le \"b\u00e9ret pour tous\" - Les hommes-adorateurs","og_description":"Aujourd'hui, nous vous invitons \u00e0 porter le b\u00e9ret, et \u00e0 permettre \u00e0 vos jeunes enfants de participer \u00e0 une renaissance ! Au milieu des casquettes","og_url":"https:\/\/www.hommes-adorateurs.fr\/?p=1177","og_site_name":"Les hommes-adorateurs","article_published_time":"2014-04-12T07:00:11+00:00","article_modified_time":"2014-04-12T11:30:09+00:00","og_image":[{"width":650,"height":650,"url":"https:\/\/www.hommes-adorateurs.fr\/wp-content\/uploads\/2014\/04\/DSC00660.jpg","type":"image\/jpeg"}],"author":"Gr\u00e9gory","twitter_card":"summary_large_image","twitter_misc":{"\u00c9crit par":"Gr\u00e9gory","Dur\u00e9e de lecture estim\u00e9e":"4 minutes"},"schema":{"@context":"https:\/\/schema.org","@graph":[{"@type":"Article","@id":"https:\/\/www.hommes-adorateurs.fr\/?p=1177#article","isPartOf":{"@id":"https:\/\/www.hommes-adorateurs.fr\/?p=1177"},"author":{"name":"Gr\u00e9gory","@id":"https:\/\/www.hommes-adorateurs.fr\/#\/schema\/person\/a3d3d8f5ed91b6bf7f1deb55926b625a"},"headline":"Le \u00ab\u00a0b\u00e9ret pour tous\u00a0\u00bb","datePublished":"2014-04-12T07:00:11+00:00","dateModified":"2014-04-12T11:30:09+00:00","mainEntityOfPage":{"@id":"https:\/\/www.hommes-adorateurs.fr\/?p=1177"},"wordCount":858,"commentCount":0,"image":{"@id":"https:\/\/www.hommes-adorateurs.fr\/?p=1177#primaryimage"},"thumbnailUrl":"https:\/\/www.hommes-adorateurs.fr\/wp-content\/uploads\/2014\/04\/DSC00660.jpg","articleSection":["Articles"],"inLanguage":"fr-FR","potentialAction":[{"@type":"CommentAction","name":"Comment","target":["https:\/\/www.hommes-adorateurs.fr\/?p=1177#respond"]}]},{"@type":"WebPage","@id":"https:\/\/www.hommes-adorateurs.fr\/?p=1177","url":"https:\/\/www.hommes-adorateurs.fr\/?p=1177","name":"Le \"b\u00e9ret pour tous\" - Les hommes-adorateurs","isPartOf":{"@id":"https:\/\/www.hommes-adorateurs.fr\/#website"},"primaryImageOfPage":{"@id":"https:\/\/www.hommes-adorateurs.fr\/?p=1177#primaryimage"},"image":{"@id":"https:\/\/www.hommes-adorateurs.fr\/?p=1177#primaryimage"},"thumbnailUrl":"https:\/\/www.hommes-adorateurs.fr\/wp-content\/uploads\/2014\/04\/DSC00660.jpg","datePublished":"2014-04-12T07:00:11+00:00","dateModified":"2014-04-12T11:30:09+00:00","author":{"@id":"https:\/\/www.hommes-adorateurs.fr\/#\/schema\/person\/a3d3d8f5ed91b6bf7f1deb55926b625a"},"description":"Aujourd'hui, nous vous invitons \u00e0 porter le b\u00e9ret, et \u00e0 permettre \u00e0 vos jeunes enfants de participer \u00e0 une renaissance ! Au milieu des casquettes","breadcrumb":{"@id":"https:\/\/www.hommes-adorateurs.fr\/?p=1177#breadcrumb"},"inLanguage":"fr-FR","potentialAction":[{"@type":"ReadAction","target":["https:\/\/www.hommes-adorateurs.fr\/?p=1177"]}]},{"@type":"ImageObject","inLanguage":"fr-FR","@id":"https:\/\/www.hommes-adorateurs.fr\/?p=1177#primaryimage","url":"https:\/\/www.hommes-adorateurs.fr\/wp-content\/uploads\/2014\/04\/DSC00660.jpg","contentUrl":"https:\/\/www.hommes-adorateurs.fr\/wp-content\/uploads\/2014\/04\/DSC00660.jpg","width":650,"height":650},{"@type":"BreadcrumbList","@id":"https:\/\/www.hommes-adorateurs.fr\/?p=1177#breadcrumb","itemListElement":[{"@type":"ListItem","position":1,"name":"Accueil","item":"https:\/\/www.hommes-adorateurs.fr\/"},{"@type":"ListItem","position":2,"name":"Le \u00ab\u00a0b\u00e9ret pour tous\u00a0\u00bb"}]},{"@type":"WebSite","@id":"https:\/\/www.hommes-adorateurs.fr\/#website","url":"https:\/\/www.hommes-adorateurs.fr\/","name":"Les hommes-adorateurs","description":"Un saint est un homme avant d\u2019\u00eatre un saint. Un saint peut na\u00eetre en toute sorte d\u2019homme.  Gilbert Keith Chesterton","potentialAction":[{"@type":"SearchAction","target":{"@type":"EntryPoint","urlTemplate":"https:\/\/www.hommes-adorateurs.fr\/?s={search_term_string}"},"query-input":{"@type":"PropertyValueSpecification","valueRequired":true,"valueName":"search_term_string"}}],"inLanguage":"fr-FR"},{"@type":"Person","@id":"https:\/\/www.hommes-adorateurs.fr\/#\/schema\/person\/a3d3d8f5ed91b6bf7f1deb55926b625a","name":"Gr\u00e9gory","image":{"@type":"ImageObject","inLanguage":"fr-FR","@id":"https:\/\/www.hommes-adorateurs.fr\/#\/schema\/person\/image\/","url":"https:\/\/secure.gravatar.com\/avatar\/8a2d5be3467ed460a507b5e187731ee898691d21c11235bdf2801e61e2129363?s=96&d=mm&r=g","contentUrl":"https:\/\/secure.gravatar.com\/avatar\/8a2d5be3467ed460a507b5e187731ee898691d21c11235bdf2801e61e2129363?s=96&d=mm&r=g","caption":"Gr\u00e9gory"},"sameAs":["http:\/\/www.hommes-adorateurs.fr\/"],"url":"https:\/\/www.hommes-adorateurs.fr\/?author=2"}]}},"_links":{"self":[{"href":"https:\/\/www.hommes-adorateurs.fr\/index.php?rest_route=\/wp\/v2\/posts\/1177","targetHints":{"allow":["GET"]}}],"collection":[{"href":"https:\/\/www.hommes-adorateurs.fr\/index.php?rest_route=\/wp\/v2\/posts"}],"about":[{"href":"https:\/\/www.hommes-adorateurs.fr\/index.php?rest_route=\/wp\/v2\/types\/post"}],"author":[{"embeddable":true,"href":"https:\/\/www.hommes-adorateurs.fr\/index.php?rest_route=\/wp\/v2\/users\/2"}],"replies":[{"embeddable":true,"href":"https:\/\/www.hommes-adorateurs.fr\/index.php?rest_route=%2Fwp%2Fv2%2Fcomments&post=1177"}],"version-history":[{"count":5,"href":"https:\/\/www.hommes-adorateurs.fr\/index.php?rest_route=\/wp\/v2\/posts\/1177\/revisions"}],"predecessor-version":[{"id":1308,"href":"https:\/\/www.hommes-adorateurs.fr\/index.php?rest_route=\/wp\/v2\/posts\/1177\/revisions\/1308"}],"wp:featuredmedia":[{"embeddable":true,"href":"https:\/\/www.hommes-adorateurs.fr\/index.php?rest_route=\/wp\/v2\/media\/1184"}],"wp:attachment":[{"href":"https:\/\/www.hommes-adorateurs.fr\/index.php?rest_route=%2Fwp%2Fv2%2Fmedia&parent=1177"}],"wp:term":[{"taxonomy":"category","embeddable":true,"href":"https:\/\/www.hommes-adorateurs.fr\/index.php?rest_route=%2Fwp%2Fv2%2Fcategories&post=1177"},{"taxonomy":"post_tag","embeddable":true,"href":"https:\/\/www.hommes-adorateurs.fr\/index.php?rest_route=%2Fwp%2Fv2%2Ftags&post=1177"}],"curies":[{"name":"wp","href":"https:\/\/api.w.org\/{rel}","templated":true}]}}