{"id":1581,"date":"2014-06-05T00:50:24","date_gmt":"2014-06-04T23:50:24","guid":{"rendered":"http:\/\/www.hommes-adorateurs.fr\/?p=1581"},"modified":"2014-06-05T00:50:24","modified_gmt":"2014-06-04T23:50:24","slug":"le-d-day-montre-le-caractere-insoutenable-dun-pacifisme-absolu","status":"publish","type":"post","link":"https:\/\/www.hommes-adorateurs.fr\/?p=1581","title":{"rendered":"Le D-Day montre le caract\u00e8re insoutenable d\u2019un pacifisme absolu"},"content":{"rendered":"<p><em>Voici un extrait de l&rsquo;<a href=\"http:\/\/benoit-et-moi.fr\/2014-I\/benoit\/anniversaire-du-debarquement-1.php\">intervention du cardinal Joseph Ratzinger<\/a>, le\u00a05 juin 2004,\u00a0\u00a0alors qu&rsquo;il repr\u00e9sentait Jean Paul II pour les c\u00e9r\u00e9monies comm\u00e9moratives du 60e anniversaire du d\u00e9barquement.<\/em><a href=\"http:\/\/www.hommes-adorateurs.fr\/wp-content\/uploads\/2014\/06\/d-day.jpg\"><img loading=\"lazy\" decoding=\"async\" class=\"size-medium wp-image-1583 alignleft\" alt=\"d day\" src=\"http:\/\/www.hommes-adorateurs.fr\/wp-content\/uploads\/2014\/06\/d-day-300x300.jpg\" width=\"300\" height=\"300\" srcset=\"https:\/\/www.hommes-adorateurs.fr\/wp-content\/uploads\/2014\/06\/d-day-300x300.jpg 300w, https:\/\/www.hommes-adorateurs.fr\/wp-content\/uploads\/2014\/06\/d-day-150x150.jpg 150w, https:\/\/www.hommes-adorateurs.fr\/wp-content\/uploads\/2014\/06\/d-day-290x290.jpg 290w, https:\/\/www.hommes-adorateurs.fr\/wp-content\/uploads\/2014\/06\/d-day.jpg 567w\" sizes=\"auto, (max-width: 300px) 100vw, 300px\" \/><\/a><\/p>\n<p>Lorsque commen\u00e7a le d\u00e9barquement des troupes alli\u00e9es dans la France occup\u00e9e par la Wehrmacht allemande, le<strong> 5 juin 1944<\/strong>, ce fut pour les gens du monde entier, mais \u00e9galement pour une tr\u00e8s grande partie des Allemands, un <strong>signal d\u2019esp\u00e9rance<\/strong>\u00a0: que viennent bient\u00f4t la <strong>paix<\/strong> et la <strong>libert\u00e9 en Europe<\/strong>. Qu\u2019\u00e9tait-il arriv\u00e9\u00a0? Un criminel et ses comparses avaient r\u00e9ussi \u00e0 prendre le pouvoir de l\u2019\u00c9tat en Allemagne. Et cela cr\u00e9a une situation o\u00f9, <strong>sous la domination du Parti<\/strong>, le<strong> droit et l\u2019injustice s\u2019imbriquaient l\u2019un dans l\u2019autre<\/strong> et souvent passaient, presque ins\u00e9parablement, l\u2019un dans l\u2019autre. Car le r\u00e9gime conduit par un criminel exer\u00e7ait aussi les fonctions classiques de l\u2019\u00c9tat et de ses ordonnances. Il put ainsi, en un certain sens, exiger l<strong>\u2019ob\u00e9issance de droit des citoyens et le respect vis-\u00e0-vis de l\u2019autorit\u00e9 de l\u2019\u00c9tat<\/strong> (Rm 13, 1-5), mais il utilisait en m\u00eame temps les instruments du droit comme instruments de ses buts criminels. L\u2019\u00e9tat de droit lui-m\u00eame, qui continuait en partie \u00e0 fonctionner sous ses formes habituelles dans la vie quotidienne, \u00e9tait devenu en m\u00eame temps une <strong>puissance de destruction du droit<\/strong>\u00a0: la perversion des ordonnances qui devaient servir la justice et en m\u00eame temps consolidaient et rendaient imp\u00e9n\u00e9trable la domination de l\u2019iniquit\u00e9, signifiait au plus profond une<strong> domination du mensonge<\/strong>, qui obscurcissait les consciences.<\/p>\n<p>Au service de cette domination du mensonge, il y avait un <strong>r\u00e9gime de la peur<\/strong>, dans lequel personne ne pouvait faire confiance \u00e0 autrui, parce que tout un chacun devait, d\u2019une certaine mani\u00e8re, se prot\u00e9ger sous le masque du mensonge. Pareil masque servait \u00e0 se prot\u00e9ger soi-m\u00eame, mais contribuait d\u2019autre part \u00e0 renforcer le pouvoir du mal. Aussi fut-il de fait n\u00e9cessaire que le monde entier intervienne pour faire sauter l\u2019anneau de l\u2019action criminelle, pour r\u00e9tablir la libert\u00e9 et le droit. Qu\u2019il en ait \u00e9t\u00e9 ainsi, nous en rendons gr\u00e2ces en cette heure, et ce ne sont pas seulement les pays occup\u00e9s par les troupes allemandes et livr\u00e9s de la sorte \u00e0 la terreur nazie, qui rendent gr\u00e2ces. Nous-m\u00eames, allemands, nous rendons gr\u00e2ces de ce que, \u00e0 l\u2019aide de cet engagement, nous avons <strong>recouvr\u00e9 la libert\u00e9 et le droit<\/strong>. S\u2019il y a eu jamais, dans l\u2019histoire, un <em>bellum justum<\/em>, c\u2019est bien ici, dans l\u2019engagement des Alli\u00e9s, car l\u2019intervention servait finalement aussi au bien de ceux contre le pays desquels a \u00e9t\u00e9 men\u00e9e la guerre. Une telle constatation me para\u00eet importante, car elle montre, sur la base d\u2019un \u00e9v\u00e9nement historique, le<strong> caract\u00e8re insoutenable d\u2019un pacifisme absolu<\/strong>. Cela n\u2019\u00f4te rien, bien s\u00fbr, au devoir de poser tr\u00e8s soigneusement la question si et \u00e0 quelles conditions est possible encore aujourd\u2019hui quelque chose comme une guerre juste, c\u2019est-\u00e0-dire une intervention militaire, mise au service de la paix et ob\u00e9issant \u00e0 ses crit\u00e8res moraux, contre des r\u00e9gimes injustes \u00e9tablis. Surtout, ce qu\u2019on a dit fait mieux comprendre, esp\u00e9rons-le, que la paix et le droit, la paix et la justice sont ins\u00e9parablement li\u00e9s l\u2019un \u00e0 l\u2019autre. <strong>Quand le droit est d\u00e9truit, quand l\u2019injustice prend le pouvoir, c\u2019est toujours la paix qui est menac\u00e9e<\/strong> et <strong>d\u00e9j\u00e0, pour une part, bris\u00e9e<\/strong>. <strong>La pr\u00e9occupation pour la paix est en ce sens avant tout la pr\u00e9occupation pour une forme du droit qui garantit la justice \u00e0 l\u2019individu et \u00e0 la communaut\u00e9 dans son ensemble. (&#8230;)<\/strong><\/p>\n<p><em>Notre pays et le d\u00e9barquement&#8230;<\/em><em>\u00a0deux jours apr\u00e8s le D-Days, voici ce que <a href=\"http:\/\/www.vatican.va\/holy_father\/pius_xii\/speeches\/1944\/documents\/hf_p-xii_spe_19440608_stampa-estera_fr.html\">Pie XII disait le 8 juin 1944<\/a>\u00a0\u00e0 la presse fran\u00e7aise au sujet de celle qui sera toujours la fille a\u00een\u00e9e de l&rsquo;Eglise, la France :\u00a0<\/em><\/p>\n<p><img loading=\"lazy\" decoding=\"async\" class=\"size-medium wp-image-1582 alignright\" alt=\"His Holiness Pope Pius XII --- Image by \u00a9 Hulton-Deutsch Collection\/CORBIS\" src=\"http:\/\/www.hommes-adorateurs.fr\/wp-content\/uploads\/2014\/06\/pie-xii-tiare-221x300.jpg\" width=\"221\" height=\"300\" srcset=\"https:\/\/www.hommes-adorateurs.fr\/wp-content\/uploads\/2014\/06\/pie-xii-tiare-221x300.jpg 221w, https:\/\/www.hommes-adorateurs.fr\/wp-content\/uploads\/2014\/06\/pie-xii-tiare.jpg 354w\" sizes=\"auto, (max-width: 221px) 100vw, 221px\" \/><\/p>\n<p>\u00ab\u00a0Il y a presque exactement sept ans \u2014 c&rsquo;\u00e9tait le 13 juillet 1937 \u2013 L\u00e9gat de notre v\u00e9n\u00e9r\u00e9 Pr\u00e9d\u00e9cesseur\u00a0<a href=\"http:\/\/www.vatican.va\/holy_father\/pius_xi\/index_fr.htm\">Pie XI<\/a>, Nous proclamions du haut de la chaire de Notre-Dame de Paris son amour pour la Fille a\u00een\u00e9e de l&rsquo;\u00c9glise, Notre propre amour pour la France. Appel\u00e9 \u00e0 Notre tour\u00a0<span style=\"font-family: 'Times New Roman';\">\u00e0<\/span>\u00a0devenir le Vicaire du Christ, <strong>Notre amour s&rsquo;est fait plus grand et plus profond encore<\/strong>. <strong>Et, parce que la\u00a0<span style=\"font-family: 'Times New Roman';\">\u00ab<\/span>douce France\u00a0<span style=\"font-family: 'Times New Roman';\">\u00bb<\/span>\u00a0est devenue la douloureuse, la meurtrie, Notre amour pour elle s&rsquo;est fait plus tendre que jamais.<\/strong> Nous parlions alors de sa <strong>vocation providentielle<\/strong><span style=\"font-family: 'Times New Roman';\">\u00a0<\/span>; Nous la rappelons aujourd&rsquo;hui avec les m\u00eames sentiments. Et Nous avons au c\u0153ur la conviction que Dieu, continuant de<strong> se servir du noble peuple\u00a0fran\u00e7ais\u00a0dans l&rsquo;accomplissement de ses desseins<\/strong>, ram\u00e8nera les regards et la confiance du monde vers <strong>une France toujours plus glorieuse et plus prosp\u00e8re<\/strong>.<\/p>\n<p>Et vous, que votre <strong>profession si pleine de responsabilit\u00e9s<\/strong>, si <strong>pleine de grandeur<\/strong>, constitue les <strong>messagers de cette vocation<\/strong>, portez\u00a0<span style=\"font-family: 'Times New Roman';\">\u00e0<\/span>\u00a0la France l&rsquo;assurance renouvel\u00e9e de Notre amour, de Nos v<span style=\"font-family: 'Times New Roman';\">\u0153<\/span>ux, de Nos esp\u00e9rances : r\u00e9p\u00e9tez-lui le mot d&rsquo;ordre que Nous lui donnions sous les vo<span style=\"font-family: 'Times New Roman';\">\u00fb<\/span>tes de Notre-Dame :<\/p>\n<blockquote><p><span style=\"font-family: 'Times New Roman';\">\u00ab<\/span>\u00a0<em><strong>Orate<\/strong>, Fratres ; <strong>amate<\/strong>, Fratres ; <strong>vigilate<\/strong>, Fratres !<\/em><\/p>\n<p><strong>Priez<\/strong>, mes Fr\u00e8res ; mes Fr\u00e8res, <strong>aimez<\/strong> ; <strong>veillez<\/strong>, mes Fr\u00e8res ! \u00bb<\/p><\/blockquote>\n<p>C&rsquo;est dans cette pens\u00e9e que du fond de Notre c<span style=\"font-family: 'Times New Roman';\">\u0153<\/span>ur paternel, Nous appelons sur vous, sur tous ceux qui vous sont chers, sur votre bien-aim\u00e9e patrie, <strong>les plus exquises et les plus abondantes b\u00e9n\u00e9dictions du Ciel<\/strong>.\u00a0\u00bb<\/p>\n<p><em>Messieurs, Hommes-adorateurs, laissons donc r\u00e9sonner en nous cette phrase encore et toujours :<\/em><\/p>\n<p>\u00ab\u00a0<em><strong>Orate<\/strong>, Fratres ;\u00a0<strong>amate<\/strong>, Fratres ;\u00a0<strong>vigilate<\/strong>, Fratres !<\/em><\/p>\n<p><strong>Priez<\/strong>, mes Fr\u00e8res ; mes Fr\u00e8res,\u00a0<strong>aimez<\/strong>\u00a0;\u00a0<strong>veillez<\/strong>, mes Fr\u00e8res ! \u00bb<\/p>\n<p><a href=\"http:\/\/www.hommes-adorateurs.fr\/wp-content\/uploads\/2013\/12\/carte-HA-2014.jpg\"><img loading=\"lazy\" decoding=\"async\" class=\"aligncenter size-large wp-image-316\" alt=\"carte Hommes-Adorateurs 2014\" src=\"http:\/\/www.hommes-adorateurs.fr\/wp-content\/uploads\/2013\/12\/carte-HA-2014-1024x723.jpg\" width=\"610\" height=\"430\" srcset=\"https:\/\/www.hommes-adorateurs.fr\/wp-content\/uploads\/2013\/12\/carte-HA-2014-1024x723.jpg 1024w, https:\/\/www.hommes-adorateurs.fr\/wp-content\/uploads\/2013\/12\/carte-HA-2014-300x212.jpg 300w\" sizes=\"auto, (max-width: 610px) 100vw, 610px\" \/><\/a><\/p>\n","protected":false},"excerpt":{"rendered":"<p>Voici un extrait de l&rsquo;intervention du cardinal Joseph Ratzinger, le\u00a05 juin 2004,\u00a0\u00a0alors qu&rsquo;il repr\u00e9sentait Jean Paul II pour les c\u00e9r\u00e9monies comm\u00e9moratives du 60e anniversaire du d\u00e9barquement. Lorsque commen\u00e7a le d\u00e9barquement des troupes alli\u00e9es dans la France occup\u00e9e par la Wehrmacht allemande, le 5 juin 1944, ce fut pour les gens du monde entier, mais \u00e9galement &hellip;<\/p>\n","protected":false},"author":2,"featured_media":1583,"comment_status":"open","ping_status":"open","sticky":false,"template":"","format":"standard","meta":{"footnotes":""},"categories":[6],"tags":[78,151],"class_list":["post-1581","post","type-post","status-publish","format-standard","has-post-thumbnail","hentry","category-articles","tag-france","tag-pie-xii"],"yoast_head":"<!-- This site is optimized with the Yoast SEO plugin v27.1.1 - https:\/\/yoast.com\/product\/yoast-seo-wordpress\/ -->\n<title>Le D-Day montre le caract\u00e8re insoutenable d\u2019un pacifisme absolu - Les hommes-adorateurs<\/title>\n<meta name=\"description\" content=\"Voici un extrait de l&#039;intervention du cardinal Joseph Ratzinger, le\u00a05 juin 2004,\u00a0\u00a0alors qu&#039;il repr\u00e9sentait Jean Paul II pour les c\u00e9r\u00e9monies comm\u00e9moratives\" \/>\n<meta name=\"robots\" content=\"index, follow, max-snippet:-1, max-image-preview:large, max-video-preview:-1\" \/>\n<link rel=\"canonical\" href=\"https:\/\/www.hommes-adorateurs.fr\/?p=1581\" \/>\n<meta property=\"og:locale\" content=\"fr_FR\" \/>\n<meta property=\"og:type\" content=\"article\" \/>\n<meta property=\"og:title\" content=\"Le D-Day montre le caract\u00e8re insoutenable d\u2019un pacifisme absolu - Les hommes-adorateurs\" \/>\n<meta property=\"og:description\" content=\"Voici un extrait de l&#039;intervention du cardinal Joseph Ratzinger, le\u00a05 juin 2004,\u00a0\u00a0alors qu&#039;il repr\u00e9sentait Jean Paul II pour les c\u00e9r\u00e9monies comm\u00e9moratives\" \/>\n<meta property=\"og:url\" content=\"https:\/\/www.hommes-adorateurs.fr\/?p=1581\" \/>\n<meta property=\"og:site_name\" content=\"Les hommes-adorateurs\" \/>\n<meta property=\"article:published_time\" content=\"2014-06-04T23:50:24+00:00\" \/>\n<meta property=\"og:image\" content=\"https:\/\/www.hommes-adorateurs.fr\/wp-content\/uploads\/2014\/06\/d-day.jpg\" \/>\n\t<meta property=\"og:image:width\" content=\"567\" \/>\n\t<meta property=\"og:image:height\" content=\"567\" \/>\n\t<meta property=\"og:image:type\" content=\"image\/jpeg\" \/>\n<meta name=\"author\" content=\"Gr\u00e9gory\" \/>\n<meta name=\"twitter:card\" content=\"summary_large_image\" \/>\n<meta name=\"twitter:label1\" content=\"\u00c9crit par\" \/>\n\t<meta name=\"twitter:data1\" content=\"Gr\u00e9gory\" \/>\n\t<meta name=\"twitter:label2\" content=\"Dur\u00e9e de lecture estim\u00e9e\" \/>\n\t<meta name=\"twitter:data2\" content=\"5 minutes\" \/>\n<script type=\"application\/ld+json\" class=\"yoast-schema-graph\">{\"@context\":\"https:\/\/schema.org\",\"@graph\":[{\"@type\":\"Article\",\"@id\":\"https:\/\/www.hommes-adorateurs.fr\/?p=1581#article\",\"isPartOf\":{\"@id\":\"https:\/\/www.hommes-adorateurs.fr\/?p=1581\"},\"author\":{\"name\":\"Gr\u00e9gory\",\"@id\":\"https:\/\/www.hommes-adorateurs.fr\/#\/schema\/person\/a3d3d8f5ed91b6bf7f1deb55926b625a\"},\"headline\":\"Le D-Day montre le caract\u00e8re insoutenable d\u2019un pacifisme absolu\",\"datePublished\":\"2014-06-04T23:50:24+00:00\",\"mainEntityOfPage\":{\"@id\":\"https:\/\/www.hommes-adorateurs.fr\/?p=1581\"},\"wordCount\":997,\"commentCount\":2,\"image\":{\"@id\":\"https:\/\/www.hommes-adorateurs.fr\/?p=1581#primaryimage\"},\"thumbnailUrl\":\"https:\/\/www.hommes-adorateurs.fr\/wp-content\/uploads\/2014\/06\/d-day.jpg\",\"keywords\":[\"France\",\"Pie XII\"],\"articleSection\":[\"Articles\"],\"inLanguage\":\"fr-FR\",\"potentialAction\":[{\"@type\":\"CommentAction\",\"name\":\"Comment\",\"target\":[\"https:\/\/www.hommes-adorateurs.fr\/?p=1581#respond\"]}]},{\"@type\":\"WebPage\",\"@id\":\"https:\/\/www.hommes-adorateurs.fr\/?p=1581\",\"url\":\"https:\/\/www.hommes-adorateurs.fr\/?p=1581\",\"name\":\"Le D-Day montre le caract\u00e8re insoutenable d\u2019un pacifisme absolu - Les hommes-adorateurs\",\"isPartOf\":{\"@id\":\"https:\/\/www.hommes-adorateurs.fr\/#website\"},\"primaryImageOfPage\":{\"@id\":\"https:\/\/www.hommes-adorateurs.fr\/?p=1581#primaryimage\"},\"image\":{\"@id\":\"https:\/\/www.hommes-adorateurs.fr\/?p=1581#primaryimage\"},\"thumbnailUrl\":\"https:\/\/www.hommes-adorateurs.fr\/wp-content\/uploads\/2014\/06\/d-day.jpg\",\"datePublished\":\"2014-06-04T23:50:24+00:00\",\"author\":{\"@id\":\"https:\/\/www.hommes-adorateurs.fr\/#\/schema\/person\/a3d3d8f5ed91b6bf7f1deb55926b625a\"},\"description\":\"Voici un extrait de l'intervention du cardinal Joseph Ratzinger, le\u00a05 juin 2004,\u00a0\u00a0alors qu'il repr\u00e9sentait Jean Paul II pour les c\u00e9r\u00e9monies comm\u00e9moratives\",\"breadcrumb\":{\"@id\":\"https:\/\/www.hommes-adorateurs.fr\/?p=1581#breadcrumb\"},\"inLanguage\":\"fr-FR\",\"potentialAction\":[{\"@type\":\"ReadAction\",\"target\":[\"https:\/\/www.hommes-adorateurs.fr\/?p=1581\"]}]},{\"@type\":\"ImageObject\",\"inLanguage\":\"fr-FR\",\"@id\":\"https:\/\/www.hommes-adorateurs.fr\/?p=1581#primaryimage\",\"url\":\"https:\/\/www.hommes-adorateurs.fr\/wp-content\/uploads\/2014\/06\/d-day.jpg\",\"contentUrl\":\"https:\/\/www.hommes-adorateurs.fr\/wp-content\/uploads\/2014\/06\/d-day.jpg\",\"width\":567,\"height\":567},{\"@type\":\"BreadcrumbList\",\"@id\":\"https:\/\/www.hommes-adorateurs.fr\/?p=1581#breadcrumb\",\"itemListElement\":[{\"@type\":\"ListItem\",\"position\":1,\"name\":\"Accueil\",\"item\":\"https:\/\/www.hommes-adorateurs.fr\/\"},{\"@type\":\"ListItem\",\"position\":2,\"name\":\"Le D-Day montre le caract\u00e8re insoutenable d\u2019un pacifisme absolu\"}]},{\"@type\":\"WebSite\",\"@id\":\"https:\/\/www.hommes-adorateurs.fr\/#website\",\"url\":\"https:\/\/www.hommes-adorateurs.fr\/\",\"name\":\"Les hommes-adorateurs\",\"description\":\"Un saint est un homme avant d\u2019\u00eatre un saint. Un saint peut na\u00eetre en toute sorte d\u2019homme.  Gilbert Keith Chesterton\",\"potentialAction\":[{\"@type\":\"SearchAction\",\"target\":{\"@type\":\"EntryPoint\",\"urlTemplate\":\"https:\/\/www.hommes-adorateurs.fr\/?s={search_term_string}\"},\"query-input\":{\"@type\":\"PropertyValueSpecification\",\"valueRequired\":true,\"valueName\":\"search_term_string\"}}],\"inLanguage\":\"fr-FR\"},{\"@type\":\"Person\",\"@id\":\"https:\/\/www.hommes-adorateurs.fr\/#\/schema\/person\/a3d3d8f5ed91b6bf7f1deb55926b625a\",\"name\":\"Gr\u00e9gory\",\"image\":{\"@type\":\"ImageObject\",\"inLanguage\":\"fr-FR\",\"@id\":\"https:\/\/www.hommes-adorateurs.fr\/#\/schema\/person\/image\/\",\"url\":\"https:\/\/secure.gravatar.com\/avatar\/8a2d5be3467ed460a507b5e187731ee898691d21c11235bdf2801e61e2129363?s=96&d=mm&r=g\",\"contentUrl\":\"https:\/\/secure.gravatar.com\/avatar\/8a2d5be3467ed460a507b5e187731ee898691d21c11235bdf2801e61e2129363?s=96&d=mm&r=g\",\"caption\":\"Gr\u00e9gory\"},\"sameAs\":[\"http:\/\/www.hommes-adorateurs.fr\/\"],\"url\":\"https:\/\/www.hommes-adorateurs.fr\/?author=2\"}]}<\/script>\n<!-- \/ Yoast SEO plugin. -->","yoast_head_json":{"title":"Le D-Day montre le caract\u00e8re insoutenable d\u2019un pacifisme absolu - Les hommes-adorateurs","description":"Voici un extrait de l'intervention du cardinal Joseph Ratzinger, le\u00a05 juin 2004,\u00a0\u00a0alors qu'il repr\u00e9sentait Jean Paul II pour les c\u00e9r\u00e9monies comm\u00e9moratives","robots":{"index":"index","follow":"follow","max-snippet":"max-snippet:-1","max-image-preview":"max-image-preview:large","max-video-preview":"max-video-preview:-1"},"canonical":"https:\/\/www.hommes-adorateurs.fr\/?p=1581","og_locale":"fr_FR","og_type":"article","og_title":"Le D-Day montre le caract\u00e8re insoutenable d\u2019un pacifisme absolu - Les hommes-adorateurs","og_description":"Voici un extrait de l'intervention du cardinal Joseph Ratzinger, le\u00a05 juin 2004,\u00a0\u00a0alors qu'il repr\u00e9sentait Jean Paul II pour les c\u00e9r\u00e9monies comm\u00e9moratives","og_url":"https:\/\/www.hommes-adorateurs.fr\/?p=1581","og_site_name":"Les hommes-adorateurs","article_published_time":"2014-06-04T23:50:24+00:00","og_image":[{"width":567,"height":567,"url":"https:\/\/www.hommes-adorateurs.fr\/wp-content\/uploads\/2014\/06\/d-day.jpg","type":"image\/jpeg"}],"author":"Gr\u00e9gory","twitter_card":"summary_large_image","twitter_misc":{"\u00c9crit par":"Gr\u00e9gory","Dur\u00e9e de lecture estim\u00e9e":"5 minutes"},"schema":{"@context":"https:\/\/schema.org","@graph":[{"@type":"Article","@id":"https:\/\/www.hommes-adorateurs.fr\/?p=1581#article","isPartOf":{"@id":"https:\/\/www.hommes-adorateurs.fr\/?p=1581"},"author":{"name":"Gr\u00e9gory","@id":"https:\/\/www.hommes-adorateurs.fr\/#\/schema\/person\/a3d3d8f5ed91b6bf7f1deb55926b625a"},"headline":"Le D-Day montre le caract\u00e8re insoutenable d\u2019un pacifisme absolu","datePublished":"2014-06-04T23:50:24+00:00","mainEntityOfPage":{"@id":"https:\/\/www.hommes-adorateurs.fr\/?p=1581"},"wordCount":997,"commentCount":2,"image":{"@id":"https:\/\/www.hommes-adorateurs.fr\/?p=1581#primaryimage"},"thumbnailUrl":"https:\/\/www.hommes-adorateurs.fr\/wp-content\/uploads\/2014\/06\/d-day.jpg","keywords":["France","Pie XII"],"articleSection":["Articles"],"inLanguage":"fr-FR","potentialAction":[{"@type":"CommentAction","name":"Comment","target":["https:\/\/www.hommes-adorateurs.fr\/?p=1581#respond"]}]},{"@type":"WebPage","@id":"https:\/\/www.hommes-adorateurs.fr\/?p=1581","url":"https:\/\/www.hommes-adorateurs.fr\/?p=1581","name":"Le D-Day montre le caract\u00e8re insoutenable d\u2019un pacifisme absolu - Les hommes-adorateurs","isPartOf":{"@id":"https:\/\/www.hommes-adorateurs.fr\/#website"},"primaryImageOfPage":{"@id":"https:\/\/www.hommes-adorateurs.fr\/?p=1581#primaryimage"},"image":{"@id":"https:\/\/www.hommes-adorateurs.fr\/?p=1581#primaryimage"},"thumbnailUrl":"https:\/\/www.hommes-adorateurs.fr\/wp-content\/uploads\/2014\/06\/d-day.jpg","datePublished":"2014-06-04T23:50:24+00:00","author":{"@id":"https:\/\/www.hommes-adorateurs.fr\/#\/schema\/person\/a3d3d8f5ed91b6bf7f1deb55926b625a"},"description":"Voici un extrait de l'intervention du cardinal Joseph Ratzinger, le\u00a05 juin 2004,\u00a0\u00a0alors qu'il repr\u00e9sentait Jean Paul II pour les c\u00e9r\u00e9monies comm\u00e9moratives","breadcrumb":{"@id":"https:\/\/www.hommes-adorateurs.fr\/?p=1581#breadcrumb"},"inLanguage":"fr-FR","potentialAction":[{"@type":"ReadAction","target":["https:\/\/www.hommes-adorateurs.fr\/?p=1581"]}]},{"@type":"ImageObject","inLanguage":"fr-FR","@id":"https:\/\/www.hommes-adorateurs.fr\/?p=1581#primaryimage","url":"https:\/\/www.hommes-adorateurs.fr\/wp-content\/uploads\/2014\/06\/d-day.jpg","contentUrl":"https:\/\/www.hommes-adorateurs.fr\/wp-content\/uploads\/2014\/06\/d-day.jpg","width":567,"height":567},{"@type":"BreadcrumbList","@id":"https:\/\/www.hommes-adorateurs.fr\/?p=1581#breadcrumb","itemListElement":[{"@type":"ListItem","position":1,"name":"Accueil","item":"https:\/\/www.hommes-adorateurs.fr\/"},{"@type":"ListItem","position":2,"name":"Le D-Day montre le caract\u00e8re insoutenable d\u2019un pacifisme absolu"}]},{"@type":"WebSite","@id":"https:\/\/www.hommes-adorateurs.fr\/#website","url":"https:\/\/www.hommes-adorateurs.fr\/","name":"Les hommes-adorateurs","description":"Un saint est un homme avant d\u2019\u00eatre un saint. Un saint peut na\u00eetre en toute sorte d\u2019homme.  Gilbert Keith Chesterton","potentialAction":[{"@type":"SearchAction","target":{"@type":"EntryPoint","urlTemplate":"https:\/\/www.hommes-adorateurs.fr\/?s={search_term_string}"},"query-input":{"@type":"PropertyValueSpecification","valueRequired":true,"valueName":"search_term_string"}}],"inLanguage":"fr-FR"},{"@type":"Person","@id":"https:\/\/www.hommes-adorateurs.fr\/#\/schema\/person\/a3d3d8f5ed91b6bf7f1deb55926b625a","name":"Gr\u00e9gory","image":{"@type":"ImageObject","inLanguage":"fr-FR","@id":"https:\/\/www.hommes-adorateurs.fr\/#\/schema\/person\/image\/","url":"https:\/\/secure.gravatar.com\/avatar\/8a2d5be3467ed460a507b5e187731ee898691d21c11235bdf2801e61e2129363?s=96&d=mm&r=g","contentUrl":"https:\/\/secure.gravatar.com\/avatar\/8a2d5be3467ed460a507b5e187731ee898691d21c11235bdf2801e61e2129363?s=96&d=mm&r=g","caption":"Gr\u00e9gory"},"sameAs":["http:\/\/www.hommes-adorateurs.fr\/"],"url":"https:\/\/www.hommes-adorateurs.fr\/?author=2"}]}},"_links":{"self":[{"href":"https:\/\/www.hommes-adorateurs.fr\/index.php?rest_route=\/wp\/v2\/posts\/1581","targetHints":{"allow":["GET"]}}],"collection":[{"href":"https:\/\/www.hommes-adorateurs.fr\/index.php?rest_route=\/wp\/v2\/posts"}],"about":[{"href":"https:\/\/www.hommes-adorateurs.fr\/index.php?rest_route=\/wp\/v2\/types\/post"}],"author":[{"embeddable":true,"href":"https:\/\/www.hommes-adorateurs.fr\/index.php?rest_route=\/wp\/v2\/users\/2"}],"replies":[{"embeddable":true,"href":"https:\/\/www.hommes-adorateurs.fr\/index.php?rest_route=%2Fwp%2Fv2%2Fcomments&post=1581"}],"version-history":[{"count":2,"href":"https:\/\/www.hommes-adorateurs.fr\/index.php?rest_route=\/wp\/v2\/posts\/1581\/revisions"}],"predecessor-version":[{"id":1585,"href":"https:\/\/www.hommes-adorateurs.fr\/index.php?rest_route=\/wp\/v2\/posts\/1581\/revisions\/1585"}],"wp:featuredmedia":[{"embeddable":true,"href":"https:\/\/www.hommes-adorateurs.fr\/index.php?rest_route=\/wp\/v2\/media\/1583"}],"wp:attachment":[{"href":"https:\/\/www.hommes-adorateurs.fr\/index.php?rest_route=%2Fwp%2Fv2%2Fmedia&parent=1581"}],"wp:term":[{"taxonomy":"category","embeddable":true,"href":"https:\/\/www.hommes-adorateurs.fr\/index.php?rest_route=%2Fwp%2Fv2%2Fcategories&post=1581"},{"taxonomy":"post_tag","embeddable":true,"href":"https:\/\/www.hommes-adorateurs.fr\/index.php?rest_route=%2Fwp%2Fv2%2Ftags&post=1581"}],"curies":[{"name":"wp","href":"https:\/\/api.w.org\/{rel}","templated":true}]}}