{"id":1679,"date":"2014-06-20T07:00:24","date_gmt":"2014-06-20T06:00:24","guid":{"rendered":"http:\/\/www.hommes-adorateurs.fr\/?p=1679"},"modified":"2014-06-20T08:28:02","modified_gmt":"2014-06-20T07:28:02","slug":"intronisation-du-sacre-coeur","status":"publish","type":"post","link":"https:\/\/www.hommes-adorateurs.fr\/?p=1679","title":{"rendered":"Intronisation du Sacr\u00e9-Coeur"},"content":{"rendered":"<p>En ce mois de juin,\u00a0mois du Sacr\u00e9-C\u0153ur, nous voulons vous aider \u00e0 (re)d\u00e9couvrir l&rsquo;intronisation du Sacr\u00e9-C\u0153ur <a href=\"http:\/\/www.hommes-adorateurs.fr\/wp-content\/uploads\/2014\/06\/sacre-coeur.jpg\"><img loading=\"lazy\" decoding=\"async\" class=\"size-medium wp-image-1681 alignright\" alt=\"sacre coeur\" src=\"http:\/\/www.hommes-adorateurs.fr\/wp-content\/uploads\/2014\/06\/sacre-coeur-300x300.jpg\" width=\"300\" height=\"300\" srcset=\"https:\/\/www.hommes-adorateurs.fr\/wp-content\/uploads\/2014\/06\/sacre-coeur-300x300.jpg 300w, https:\/\/www.hommes-adorateurs.fr\/wp-content\/uploads\/2014\/06\/sacre-coeur-150x150.jpg 150w, https:\/\/www.hommes-adorateurs.fr\/wp-content\/uploads\/2014\/06\/sacre-coeur-290x290.jpg 290w, https:\/\/www.hommes-adorateurs.fr\/wp-content\/uploads\/2014\/06\/sacre-coeur.jpg 402w\" sizes=\"auto, (max-width: 300px) 100vw, 300px\" \/><\/a>, dont le fondateur et l&rsquo;ap\u00f4tre \u00e9tait le <a href=\"http:\/\/www.ssccpicpus.fr\/article.asp?contenu_ssrub=Mateo+Crawley+Boewey+%281875-1960%29&amp;contenu_rub=FIGURES+PICPUCIENNES\">P\u00e8re Mat\u00e9o Crawley, religieux p\u00e9ruvien<\/a>.<\/p>\n<p>Le but de l&rsquo;intronisation du Sacr\u00e9-C\u0153ur de J\u00e9sus, comme le disait Beno\u00eet XV, est que, \u00ab\u00a0<em><strong>son image \u00e9tant install\u00e9e dans l&rsquo;endroit le plus noble de la maison comme sur un tr\u00f4ne, J\u00e9sus Christ r\u00e8gne visiblement dans les foyers catholiques<\/strong><\/em>\u00ab\u00a0.<\/p>\n<h3>Pourquoi introniser le Sacr\u00e9-C\u0153ur de J\u00e9sus dans notre foyer ?<\/h3>\n<p>Tout d&rsquo;abord parce qu&rsquo;Il est Roi de droit et qu&rsquo;Il veut \u00eatre reconnu comme tel, comme il le disait \u00e0 Sainte Marguerite-Marie \u00ab\u00a0<em><strong>Je r\u00e9gnerai malgr\u00e9 mes ennemis et tout ceux qui s&rsquo;y opposeront<\/strong><\/em>\u00ab\u00a0. Puis l&rsquo;introniser dans notre foyer, centre de notre famille, source de la vie,<strong> am\u00e8nera infailliblement son r\u00e8gne universel et social<\/strong>.<\/p>\n<p>Il sera alors \u00e0 la <strong>place d&rsquo;honneur<\/strong>, parce qu&rsquo;Il ne peut avoir que la premi\u00e8re place dans un foyer chr\u00e9tien, et pour que tous les visiteurs puissent voir qu&rsquo;Il est le Roi et l&rsquo;Ami de la maison.<\/p>\n<p>Cette intronisation rend plus compl\u00e8te \u00a0la cons\u00e9cration de la famille au Sacr\u00e9-C\u0153ur.<\/p>\n<h3>Comment faire l&rsquo;intronisation ?<\/h3>\n<p>Elle consiste donc \u00e0 :<\/p>\n<ul>\n<li>placer l&rsquo;image du Sacr\u00e9-C\u0153ur de J\u00e9sus \u00e0 une place d&rsquo;honneur de la maison<\/li>\n<li>\u00e0 se consacrer \u00e0 Lui<\/li>\n<li>\u00e0 Lui promettre de \u00ab\u00a0vivre cette cons\u00e9cration\u00a0\u00bb par un vie tr\u00e8s chr\u00e9tienne.<\/li>\n<\/ul>\n<p>Il est important que celle-ci soit solennelle car J\u00e9sus-Christ Roi m\u00e9rite d&rsquo;\u00eatre<strong> intronis\u00e9 royalement<\/strong> ! C&rsquo;est pour cela \u00e9galement qu&rsquo;il est bon de choisir un jour de f\u00eate et de faire c\u00e9l\u00e9brer une messe ce jour-l\u00e0 ou de <strong>communier pour le R\u00e8gne du Sacr\u00e9-C\u0153ur<\/strong>.<\/p>\n<p>Pour la c\u00e9r\u00e9monie il est recommand\u00e9 :<\/p>\n<ul>\n<li>d&rsquo;avoir une belle image ou statue du Sacr\u00e9-C\u0153ur<\/li>\n<li>d&rsquo;orner cette image de fleurs, de lumi\u00e8re, du portrait des absents<\/li>\n<li>d&rsquo;inviter le pr\u00eatre, tous les membres de la famille<\/li>\n<li>de f\u00eater cela ensemble !<\/li>\n<\/ul>\n<h3>Et apr\u00e8s ?<\/h3>\n<p>C&rsquo;est le commencement !<\/p>\n<ul>\n<li>C&rsquo;est le moment de, comme le dit Saint Marguerite-Marie, \u00ab\u00a0<strong><em>commencer tout de bon \u00e0 ne vivre que pour le Sacr\u00e9-C\u0153ur et dans Lui<\/em><\/strong>\u00ab\u00a0.<\/li>\n<li>C&rsquo;est le moment de L<strong>&lsquo;honorer en croyant et vivant ce qu&rsquo;enseigne l&rsquo;Eglise catholique<\/strong>, en <strong>observant les <a href=\"http:\/\/www.vatican.va\/archive\/FRA0013\/__P73.HTM\">commandements de Dieu<\/a> et les <a href=\"http:\/\/www.vatican.va\/archive\/FRA0013\/_P6Z.HTM\">commandements de l&rsquo;Eglise<\/a><\/strong>.<\/li>\n<li>C&rsquo;est le moment de vivre un grande<strong> intimit\u00e9 avec Lui<\/strong>, en r\u00e9alisant combien Il est tout le temps \u00e0 nos c\u00f4t\u00e9s et en le remerciant.<\/li>\n<li>C&rsquo;est le moment de vivre\u00a0la<strong> <a href=\"http:\/\/www.hommes-adorateurs.fr\/sacre-coeur-les-12-promesses\/\">pratique des communions r\u00e9paratrices des neuf premiers vendredis du mois<\/a><\/strong>.<\/li>\n<li>C&rsquo;est le moment de f\u00eater particuli\u00e8rement les <strong>f\u00eates du Sacr\u00e9-C\u0153ur et du Christ-Roi<\/strong> : en allant \u00e0 la messe en famille, en priant ensemble, et marquant la journ\u00e9e par des belles attentions les uns \u00e0 l&rsquo;\u00e9gard des autres.<\/li>\n<\/ul>\n<p>Mais pour l&rsquo;instant pour vous&#8230; n&rsquo;est-ce pas d\u00e9j\u00e0 la moment de choisir la date ?<\/p>\n<ul>\n<li><a href=\"http:\/\/www.salve-regina.com\/salve\/Rituel_de_l'intronisation_du_Sacr%C3%A9-Coeur_dans_les_foyers\">Rituel du l&rsquo;intronisation<\/a><\/li>\n<\/ul>\n<p><a href=\"http:\/\/www.hommes-adorateurs.fr\/wp-content\/uploads\/2014\/06\/sacre-coeur1.jpg\"><img loading=\"lazy\" decoding=\"async\" class=\"aligncenter size-medium wp-image-1687\" alt=\"sacre coeur\" src=\"http:\/\/www.hommes-adorateurs.fr\/wp-content\/uploads\/2014\/06\/sacre-coeur1-300x212.jpg\" width=\"300\" height=\"212\" srcset=\"https:\/\/www.hommes-adorateurs.fr\/wp-content\/uploads\/2014\/06\/sacre-coeur1-300x212.jpg 300w, https:\/\/www.hommes-adorateurs.fr\/wp-content\/uploads\/2014\/06\/sacre-coeur1.jpg 704w\" sizes=\"auto, (max-width: 300px) 100vw, 300px\" \/><\/a><\/p>\n<p>&nbsp;<\/p>\n<p>&nbsp;<\/p>\n<p>&nbsp;<\/p>\n<p>&nbsp;<\/p>\n","protected":false},"excerpt":{"rendered":"<p>En ce mois de juin,\u00a0mois du Sacr\u00e9-C\u0153ur, nous voulons vous aider \u00e0 (re)d\u00e9couvrir l&rsquo;intronisation du Sacr\u00e9-C\u0153ur , dont le fondateur et l&rsquo;ap\u00f4tre \u00e9tait le P\u00e8re Mat\u00e9o Crawley, religieux p\u00e9ruvien. Le but de l&rsquo;intronisation du Sacr\u00e9-C\u0153ur de J\u00e9sus, comme le disait Beno\u00eet XV, est que, \u00ab\u00a0son image \u00e9tant install\u00e9e dans l&rsquo;endroit le plus noble de la &hellip;<\/p>\n","protected":false},"author":2,"featured_media":1681,"comment_status":"open","ping_status":"open","sticky":false,"template":"","format":"standard","meta":{"footnotes":""},"categories":[6],"tags":[74],"class_list":["post-1679","post","type-post","status-publish","format-standard","has-post-thumbnail","hentry","category-articles","tag-sacre-coeur"],"yoast_head":"<!-- This site is optimized with the Yoast SEO plugin v27.1.1 - https:\/\/yoast.com\/product\/yoast-seo-wordpress\/ -->\n<title>Intronisation du Sacr\u00e9-Coeur - Les hommes-adorateurs<\/title>\n<meta name=\"description\" content=\"En ce mois de juin,\u00a0mois du Sacr\u00e9-C\u0153ur, nous voulons vous aider \u00e0 (re)d\u00e9couvrir l&#039;intronisation du Sacr\u00e9-C\u0153ur , dont le fondateur et l&#039;ap\u00f4tre \u00e9tait le\" \/>\n<meta name=\"robots\" content=\"index, follow, max-snippet:-1, max-image-preview:large, max-video-preview:-1\" \/>\n<link rel=\"canonical\" href=\"https:\/\/www.hommes-adorateurs.fr\/?p=1679\" \/>\n<meta property=\"og:locale\" content=\"fr_FR\" \/>\n<meta property=\"og:type\" content=\"article\" \/>\n<meta property=\"og:title\" content=\"Intronisation du Sacr\u00e9-Coeur - Les hommes-adorateurs\" \/>\n<meta property=\"og:description\" content=\"En ce mois de juin,\u00a0mois du Sacr\u00e9-C\u0153ur, nous voulons vous aider \u00e0 (re)d\u00e9couvrir l&#039;intronisation du Sacr\u00e9-C\u0153ur , dont le fondateur et l&#039;ap\u00f4tre \u00e9tait le\" \/>\n<meta property=\"og:url\" content=\"https:\/\/www.hommes-adorateurs.fr\/?p=1679\" \/>\n<meta property=\"og:site_name\" content=\"Les hommes-adorateurs\" \/>\n<meta property=\"article:published_time\" content=\"2014-06-20T06:00:24+00:00\" \/>\n<meta property=\"article:modified_time\" content=\"2014-06-20T07:28:02+00:00\" \/>\n<meta property=\"og:image\" content=\"https:\/\/www.hommes-adorateurs.fr\/wp-content\/uploads\/2014\/06\/sacre-coeur.jpg\" \/>\n\t<meta property=\"og:image:width\" content=\"402\" \/>\n\t<meta property=\"og:image:height\" content=\"402\" \/>\n\t<meta property=\"og:image:type\" content=\"image\/jpeg\" \/>\n<meta name=\"author\" content=\"Gr\u00e9gory\" \/>\n<meta name=\"twitter:card\" content=\"summary_large_image\" \/>\n<meta name=\"twitter:label1\" content=\"\u00c9crit par\" \/>\n\t<meta name=\"twitter:data1\" content=\"Gr\u00e9gory\" \/>\n\t<meta name=\"twitter:label2\" content=\"Dur\u00e9e de lecture estim\u00e9e\" \/>\n\t<meta name=\"twitter:data2\" content=\"3 minutes\" \/>\n<script type=\"application\/ld+json\" class=\"yoast-schema-graph\">{\"@context\":\"https:\/\/schema.org\",\"@graph\":[{\"@type\":\"Article\",\"@id\":\"https:\/\/www.hommes-adorateurs.fr\/?p=1679#article\",\"isPartOf\":{\"@id\":\"https:\/\/www.hommes-adorateurs.fr\/?p=1679\"},\"author\":{\"name\":\"Gr\u00e9gory\",\"@id\":\"https:\/\/www.hommes-adorateurs.fr\/#\/schema\/person\/a3d3d8f5ed91b6bf7f1deb55926b625a\"},\"headline\":\"Intronisation du Sacr\u00e9-Coeur\",\"datePublished\":\"2014-06-20T06:00:24+00:00\",\"dateModified\":\"2014-06-20T07:28:02+00:00\",\"mainEntityOfPage\":{\"@id\":\"https:\/\/www.hommes-adorateurs.fr\/?p=1679\"},\"wordCount\":541,\"commentCount\":0,\"image\":{\"@id\":\"https:\/\/www.hommes-adorateurs.fr\/?p=1679#primaryimage\"},\"thumbnailUrl\":\"https:\/\/www.hommes-adorateurs.fr\/wp-content\/uploads\/2014\/06\/sacre-coeur.jpg\",\"keywords\":[\"Sacr\u00e9-Coeur\"],\"articleSection\":[\"Articles\"],\"inLanguage\":\"fr-FR\",\"potentialAction\":[{\"@type\":\"CommentAction\",\"name\":\"Comment\",\"target\":[\"https:\/\/www.hommes-adorateurs.fr\/?p=1679#respond\"]}]},{\"@type\":\"WebPage\",\"@id\":\"https:\/\/www.hommes-adorateurs.fr\/?p=1679\",\"url\":\"https:\/\/www.hommes-adorateurs.fr\/?p=1679\",\"name\":\"Intronisation du Sacr\u00e9-Coeur - Les hommes-adorateurs\",\"isPartOf\":{\"@id\":\"https:\/\/www.hommes-adorateurs.fr\/#website\"},\"primaryImageOfPage\":{\"@id\":\"https:\/\/www.hommes-adorateurs.fr\/?p=1679#primaryimage\"},\"image\":{\"@id\":\"https:\/\/www.hommes-adorateurs.fr\/?p=1679#primaryimage\"},\"thumbnailUrl\":\"https:\/\/www.hommes-adorateurs.fr\/wp-content\/uploads\/2014\/06\/sacre-coeur.jpg\",\"datePublished\":\"2014-06-20T06:00:24+00:00\",\"dateModified\":\"2014-06-20T07:28:02+00:00\",\"author\":{\"@id\":\"https:\/\/www.hommes-adorateurs.fr\/#\/schema\/person\/a3d3d8f5ed91b6bf7f1deb55926b625a\"},\"description\":\"En ce mois de juin,\u00a0mois du Sacr\u00e9-C\u0153ur, nous voulons vous aider \u00e0 (re)d\u00e9couvrir l'intronisation du Sacr\u00e9-C\u0153ur , dont le fondateur et l'ap\u00f4tre \u00e9tait le\",\"breadcrumb\":{\"@id\":\"https:\/\/www.hommes-adorateurs.fr\/?p=1679#breadcrumb\"},\"inLanguage\":\"fr-FR\",\"potentialAction\":[{\"@type\":\"ReadAction\",\"target\":[\"https:\/\/www.hommes-adorateurs.fr\/?p=1679\"]}]},{\"@type\":\"ImageObject\",\"inLanguage\":\"fr-FR\",\"@id\":\"https:\/\/www.hommes-adorateurs.fr\/?p=1679#primaryimage\",\"url\":\"https:\/\/www.hommes-adorateurs.fr\/wp-content\/uploads\/2014\/06\/sacre-coeur.jpg\",\"contentUrl\":\"https:\/\/www.hommes-adorateurs.fr\/wp-content\/uploads\/2014\/06\/sacre-coeur.jpg\",\"width\":402,\"height\":402},{\"@type\":\"BreadcrumbList\",\"@id\":\"https:\/\/www.hommes-adorateurs.fr\/?p=1679#breadcrumb\",\"itemListElement\":[{\"@type\":\"ListItem\",\"position\":1,\"name\":\"Accueil\",\"item\":\"https:\/\/www.hommes-adorateurs.fr\/\"},{\"@type\":\"ListItem\",\"position\":2,\"name\":\"Intronisation du Sacr\u00e9-Coeur\"}]},{\"@type\":\"WebSite\",\"@id\":\"https:\/\/www.hommes-adorateurs.fr\/#website\",\"url\":\"https:\/\/www.hommes-adorateurs.fr\/\",\"name\":\"Les hommes-adorateurs\",\"description\":\"Un saint est un homme avant d\u2019\u00eatre un saint. Un saint peut na\u00eetre en toute sorte d\u2019homme.  Gilbert Keith Chesterton\",\"potentialAction\":[{\"@type\":\"SearchAction\",\"target\":{\"@type\":\"EntryPoint\",\"urlTemplate\":\"https:\/\/www.hommes-adorateurs.fr\/?s={search_term_string}\"},\"query-input\":{\"@type\":\"PropertyValueSpecification\",\"valueRequired\":true,\"valueName\":\"search_term_string\"}}],\"inLanguage\":\"fr-FR\"},{\"@type\":\"Person\",\"@id\":\"https:\/\/www.hommes-adorateurs.fr\/#\/schema\/person\/a3d3d8f5ed91b6bf7f1deb55926b625a\",\"name\":\"Gr\u00e9gory\",\"image\":{\"@type\":\"ImageObject\",\"inLanguage\":\"fr-FR\",\"@id\":\"https:\/\/www.hommes-adorateurs.fr\/#\/schema\/person\/image\/\",\"url\":\"https:\/\/secure.gravatar.com\/avatar\/8a2d5be3467ed460a507b5e187731ee898691d21c11235bdf2801e61e2129363?s=96&d=mm&r=g\",\"contentUrl\":\"https:\/\/secure.gravatar.com\/avatar\/8a2d5be3467ed460a507b5e187731ee898691d21c11235bdf2801e61e2129363?s=96&d=mm&r=g\",\"caption\":\"Gr\u00e9gory\"},\"sameAs\":[\"http:\/\/www.hommes-adorateurs.fr\/\"],\"url\":\"https:\/\/www.hommes-adorateurs.fr\/?author=2\"}]}<\/script>\n<!-- \/ Yoast SEO plugin. -->","yoast_head_json":{"title":"Intronisation du Sacr\u00e9-Coeur - Les hommes-adorateurs","description":"En ce mois de juin,\u00a0mois du Sacr\u00e9-C\u0153ur, nous voulons vous aider \u00e0 (re)d\u00e9couvrir l'intronisation du Sacr\u00e9-C\u0153ur , dont le fondateur et l'ap\u00f4tre \u00e9tait le","robots":{"index":"index","follow":"follow","max-snippet":"max-snippet:-1","max-image-preview":"max-image-preview:large","max-video-preview":"max-video-preview:-1"},"canonical":"https:\/\/www.hommes-adorateurs.fr\/?p=1679","og_locale":"fr_FR","og_type":"article","og_title":"Intronisation du Sacr\u00e9-Coeur - Les hommes-adorateurs","og_description":"En ce mois de juin,\u00a0mois du Sacr\u00e9-C\u0153ur, nous voulons vous aider \u00e0 (re)d\u00e9couvrir l'intronisation du Sacr\u00e9-C\u0153ur , dont le fondateur et l'ap\u00f4tre \u00e9tait le","og_url":"https:\/\/www.hommes-adorateurs.fr\/?p=1679","og_site_name":"Les hommes-adorateurs","article_published_time":"2014-06-20T06:00:24+00:00","article_modified_time":"2014-06-20T07:28:02+00:00","og_image":[{"width":402,"height":402,"url":"https:\/\/www.hommes-adorateurs.fr\/wp-content\/uploads\/2014\/06\/sacre-coeur.jpg","type":"image\/jpeg"}],"author":"Gr\u00e9gory","twitter_card":"summary_large_image","twitter_misc":{"\u00c9crit par":"Gr\u00e9gory","Dur\u00e9e de lecture estim\u00e9e":"3 minutes"},"schema":{"@context":"https:\/\/schema.org","@graph":[{"@type":"Article","@id":"https:\/\/www.hommes-adorateurs.fr\/?p=1679#article","isPartOf":{"@id":"https:\/\/www.hommes-adorateurs.fr\/?p=1679"},"author":{"name":"Gr\u00e9gory","@id":"https:\/\/www.hommes-adorateurs.fr\/#\/schema\/person\/a3d3d8f5ed91b6bf7f1deb55926b625a"},"headline":"Intronisation du Sacr\u00e9-Coeur","datePublished":"2014-06-20T06:00:24+00:00","dateModified":"2014-06-20T07:28:02+00:00","mainEntityOfPage":{"@id":"https:\/\/www.hommes-adorateurs.fr\/?p=1679"},"wordCount":541,"commentCount":0,"image":{"@id":"https:\/\/www.hommes-adorateurs.fr\/?p=1679#primaryimage"},"thumbnailUrl":"https:\/\/www.hommes-adorateurs.fr\/wp-content\/uploads\/2014\/06\/sacre-coeur.jpg","keywords":["Sacr\u00e9-Coeur"],"articleSection":["Articles"],"inLanguage":"fr-FR","potentialAction":[{"@type":"CommentAction","name":"Comment","target":["https:\/\/www.hommes-adorateurs.fr\/?p=1679#respond"]}]},{"@type":"WebPage","@id":"https:\/\/www.hommes-adorateurs.fr\/?p=1679","url":"https:\/\/www.hommes-adorateurs.fr\/?p=1679","name":"Intronisation du Sacr\u00e9-Coeur - Les hommes-adorateurs","isPartOf":{"@id":"https:\/\/www.hommes-adorateurs.fr\/#website"},"primaryImageOfPage":{"@id":"https:\/\/www.hommes-adorateurs.fr\/?p=1679#primaryimage"},"image":{"@id":"https:\/\/www.hommes-adorateurs.fr\/?p=1679#primaryimage"},"thumbnailUrl":"https:\/\/www.hommes-adorateurs.fr\/wp-content\/uploads\/2014\/06\/sacre-coeur.jpg","datePublished":"2014-06-20T06:00:24+00:00","dateModified":"2014-06-20T07:28:02+00:00","author":{"@id":"https:\/\/www.hommes-adorateurs.fr\/#\/schema\/person\/a3d3d8f5ed91b6bf7f1deb55926b625a"},"description":"En ce mois de juin,\u00a0mois du Sacr\u00e9-C\u0153ur, nous voulons vous aider \u00e0 (re)d\u00e9couvrir l'intronisation du Sacr\u00e9-C\u0153ur , dont le fondateur et l'ap\u00f4tre \u00e9tait le","breadcrumb":{"@id":"https:\/\/www.hommes-adorateurs.fr\/?p=1679#breadcrumb"},"inLanguage":"fr-FR","potentialAction":[{"@type":"ReadAction","target":["https:\/\/www.hommes-adorateurs.fr\/?p=1679"]}]},{"@type":"ImageObject","inLanguage":"fr-FR","@id":"https:\/\/www.hommes-adorateurs.fr\/?p=1679#primaryimage","url":"https:\/\/www.hommes-adorateurs.fr\/wp-content\/uploads\/2014\/06\/sacre-coeur.jpg","contentUrl":"https:\/\/www.hommes-adorateurs.fr\/wp-content\/uploads\/2014\/06\/sacre-coeur.jpg","width":402,"height":402},{"@type":"BreadcrumbList","@id":"https:\/\/www.hommes-adorateurs.fr\/?p=1679#breadcrumb","itemListElement":[{"@type":"ListItem","position":1,"name":"Accueil","item":"https:\/\/www.hommes-adorateurs.fr\/"},{"@type":"ListItem","position":2,"name":"Intronisation du Sacr\u00e9-Coeur"}]},{"@type":"WebSite","@id":"https:\/\/www.hommes-adorateurs.fr\/#website","url":"https:\/\/www.hommes-adorateurs.fr\/","name":"Les hommes-adorateurs","description":"Un saint est un homme avant d\u2019\u00eatre un saint. Un saint peut na\u00eetre en toute sorte d\u2019homme.  Gilbert Keith Chesterton","potentialAction":[{"@type":"SearchAction","target":{"@type":"EntryPoint","urlTemplate":"https:\/\/www.hommes-adorateurs.fr\/?s={search_term_string}"},"query-input":{"@type":"PropertyValueSpecification","valueRequired":true,"valueName":"search_term_string"}}],"inLanguage":"fr-FR"},{"@type":"Person","@id":"https:\/\/www.hommes-adorateurs.fr\/#\/schema\/person\/a3d3d8f5ed91b6bf7f1deb55926b625a","name":"Gr\u00e9gory","image":{"@type":"ImageObject","inLanguage":"fr-FR","@id":"https:\/\/www.hommes-adorateurs.fr\/#\/schema\/person\/image\/","url":"https:\/\/secure.gravatar.com\/avatar\/8a2d5be3467ed460a507b5e187731ee898691d21c11235bdf2801e61e2129363?s=96&d=mm&r=g","contentUrl":"https:\/\/secure.gravatar.com\/avatar\/8a2d5be3467ed460a507b5e187731ee898691d21c11235bdf2801e61e2129363?s=96&d=mm&r=g","caption":"Gr\u00e9gory"},"sameAs":["http:\/\/www.hommes-adorateurs.fr\/"],"url":"https:\/\/www.hommes-adorateurs.fr\/?author=2"}]}},"_links":{"self":[{"href":"https:\/\/www.hommes-adorateurs.fr\/index.php?rest_route=\/wp\/v2\/posts\/1679","targetHints":{"allow":["GET"]}}],"collection":[{"href":"https:\/\/www.hommes-adorateurs.fr\/index.php?rest_route=\/wp\/v2\/posts"}],"about":[{"href":"https:\/\/www.hommes-adorateurs.fr\/index.php?rest_route=\/wp\/v2\/types\/post"}],"author":[{"embeddable":true,"href":"https:\/\/www.hommes-adorateurs.fr\/index.php?rest_route=\/wp\/v2\/users\/2"}],"replies":[{"embeddable":true,"href":"https:\/\/www.hommes-adorateurs.fr\/index.php?rest_route=%2Fwp%2Fv2%2Fcomments&post=1679"}],"version-history":[{"count":4,"href":"https:\/\/www.hommes-adorateurs.fr\/index.php?rest_route=\/wp\/v2\/posts\/1679\/revisions"}],"predecessor-version":[{"id":1688,"href":"https:\/\/www.hommes-adorateurs.fr\/index.php?rest_route=\/wp\/v2\/posts\/1679\/revisions\/1688"}],"wp:featuredmedia":[{"embeddable":true,"href":"https:\/\/www.hommes-adorateurs.fr\/index.php?rest_route=\/wp\/v2\/media\/1681"}],"wp:attachment":[{"href":"https:\/\/www.hommes-adorateurs.fr\/index.php?rest_route=%2Fwp%2Fv2%2Fmedia&parent=1679"}],"wp:term":[{"taxonomy":"category","embeddable":true,"href":"https:\/\/www.hommes-adorateurs.fr\/index.php?rest_route=%2Fwp%2Fv2%2Fcategories&post=1679"},{"taxonomy":"post_tag","embeddable":true,"href":"https:\/\/www.hommes-adorateurs.fr\/index.php?rest_route=%2Fwp%2Fv2%2Ftags&post=1679"}],"curies":[{"name":"wp","href":"https:\/\/api.w.org\/{rel}","templated":true}]}}