{"id":2080,"date":"2017-06-25T21:22:57","date_gmt":"2017-06-25T20:22:57","guid":{"rendered":"http:\/\/www.hommes-adorateurs.fr\/?p=2080"},"modified":"2017-09-08T16:11:33","modified_gmt":"2017-09-08T15:11:33","slug":"23-septembre-premier-we-pere-fils-des-hommes-adorateurs","status":"publish","type":"post","link":"https:\/\/www.hommes-adorateurs.fr\/?p=2080","title":{"rendered":"2\/3 septembre : c&rsquo;\u00e9tait le premier WE p\u00e8re-fils des hommes-adorateurs !"},"content":{"rendered":"<p><em>Merci aux hommes adorateurs de Colmar pour cette belle initiative !<\/em><\/p>\n<p><a href=\"http:\/\/www.hommes-adorateurs.fr\/wp-content\/uploads\/2017\/06\/pere-fils.jpg\"><img loading=\"lazy\" decoding=\"async\" class=\"alignleft size-medium wp-image-2081\" src=\"http:\/\/www.hommes-adorateurs.fr\/wp-content\/uploads\/2017\/06\/pere-fils-300x225.jpg\" alt=\"\" width=\"300\" height=\"225\" srcset=\"https:\/\/www.hommes-adorateurs.fr\/wp-content\/uploads\/2017\/06\/pere-fils-300x225.jpg 300w, https:\/\/www.hommes-adorateurs.fr\/wp-content\/uploads\/2017\/06\/pere-fils-768x576.jpg 768w, https:\/\/www.hommes-adorateurs.fr\/wp-content\/uploads\/2017\/06\/pere-fils.jpg 944w\" sizes=\"auto, (max-width: 300px) 100vw, 300px\" \/><\/a>Il est important de prendre\u00a0le temps de mieux conna\u00eetre son fils, de tenir toute sa place de p\u00e8re&#8230;<\/p>\n<p>Ainsi, les 2\/3 septembre, nous avons pu rejoindre l&rsquo;aventure pour un baroud p\u00e8re-fils\u00a0: d\u00e9part \u00e0 14H du col du Calvaire le samedi, au-dessus du lac blanc pour une randonn\u00e9e sur l\u2019apr\u00e8s-midi. Celle-ci nous a conduit par le Tanet et le Gazon du Faing. Des temps collectifs puis p\u00e8re-fils ont altern\u00e9 au cours de la randonn\u00e9e.<\/p>\n<p>Bivouac au lieu-dit des Hautes Huttes pour un temps d\u2019Adoration et la Sainte Messe, en la chapelle sainte Barbe. Puis d\u00eener et veill\u00e9e. Le lendemain, lev\u00e9e du camps et d\u00e9part des Hauttes Huttes pour 9h45.\u00a0Nous nous sommes retrouv\u00e9s en famille \u00e0 l\u2019\u00e9glise ND de l\u2019Assomption pour la Messe dominicale \u00e0 10h30. Ont suivis, dimanche midi, pique-nique pour les p\u00e8lerins et leur famille, avec les paroissiens, dans le parc de l\u2019\u00e9glise.<\/p>\n<blockquote><p><em>Face \u00e0 l\u2019aventure, le petit gar\u00e7on puis l\u2019adulte se demandent : en suis-je capable, y arriverai-je ? Tout homme a besoin de savoir \u00ab qu\u2019il en est capable \u00bb. Sinon il cherchera des r\u00e9ponses pour sa masculinit\u00e9 bless\u00e9e dans des caricatures, le machisme, ou les compensations (travail, sport, alcool etc &#8230;)C\u2019est d\u2019un homme ou dans la compagnie des hommes que le gar\u00e7on apprend qui il est, et qu\u2019il est valid\u00e9 dans son identit\u00e9 : Voil\u00e0 pourquoi il faut que tu passes du temps avec ton fils.<\/em><\/p><\/blockquote>\n<blockquote><p><em>\u2026\u00e0 une \u00e9poque o\u00f9 nous vivons une assez grande f\u00e9minisation de la soci\u00e9t\u00e9 qui privil\u00e9gie les relations chaudes, fusionnelles, gratifiant notre ego, nourrissant notre ressenti, le r\u00f4le du p\u00e8re est indispensable.<\/em><\/p>\n<p><a href=\"http:\/\/www.hommes-adorateurs.fr\/mgr-rey-et-la-virilite-ladmiration-2\/\">Mgr Rey et la virilit\u00e9 : l\u2019Autorit\u00e9<\/a><\/p><\/blockquote>\n<p>Plus d&rsquo;info ? C&rsquo;est ici :\u00a0<span class=\"gD\">Didier Bresson,\u00a0<\/span><span class=\"go\">didierbresson1@gmail.com<\/span><\/p>\n<p><a href=\"http:\/\/www.hommes-adorateurs.fr\/wp-content\/uploads\/2017\/06\/1280px-Gazon_du_Faing_-_Vue_1_sur_le_Lac_blanc.jpg\"><img loading=\"lazy\" decoding=\"async\" class=\"size-medium wp-image-2098 aligncenter\" src=\"http:\/\/www.hommes-adorateurs.fr\/wp-content\/uploads\/2017\/06\/1280px-Gazon_du_Faing_-_Vue_1_sur_le_Lac_blanc-300x225.jpg\" alt=\"\" width=\"300\" height=\"225\" srcset=\"https:\/\/www.hommes-adorateurs.fr\/wp-content\/uploads\/2017\/06\/1280px-Gazon_du_Faing_-_Vue_1_sur_le_Lac_blanc-300x225.jpg 300w, https:\/\/www.hommes-adorateurs.fr\/wp-content\/uploads\/2017\/06\/1280px-Gazon_du_Faing_-_Vue_1_sur_le_Lac_blanc-768x576.jpg 768w, https:\/\/www.hommes-adorateurs.fr\/wp-content\/uploads\/2017\/06\/1280px-Gazon_du_Faing_-_Vue_1_sur_le_Lac_blanc-1024x768.jpg 1024w, https:\/\/www.hommes-adorateurs.fr\/wp-content\/uploads\/2017\/06\/1280px-Gazon_du_Faing_-_Vue_1_sur_le_Lac_blanc.jpg 1280w\" sizes=\"auto, (max-width: 300px) 100vw, 300px\" \/><\/a><\/p>\n","protected":false},"excerpt":{"rendered":"<p>Merci aux hommes adorateurs de Colmar pour cette belle initiative ! Il est important de prendre\u00a0le temps de mieux conna\u00eetre son fils, de tenir toute sa place de p\u00e8re&#8230; Ainsi, les 2\/3 septembre, nous avons pu rejoindre l&rsquo;aventure pour un baroud p\u00e8re-fils\u00a0: d\u00e9part \u00e0 14H du col du Calvaire le samedi, au-dessus du lac blanc &hellip;<\/p>\n","protected":false},"author":2,"featured_media":2081,"comment_status":"open","ping_status":"open","sticky":false,"template":"","format":"standard","meta":{"footnotes":""},"categories":[158,4],"tags":[112,170],"class_list":["post-2080","post","type-post","status-publish","format-standard","has-post-thumbnail","hentry","category-colmar","category-contingents","tag-pere","tag-randonnee"],"yoast_head":"<!-- This site is optimized with the Yoast SEO plugin v27.1.1 - https:\/\/yoast.com\/product\/yoast-seo-wordpress\/ -->\n<title>2\/3 septembre : c&#039;\u00e9tait le premier WE p\u00e8re-fils des hommes-adorateurs ! - Les hommes-adorateurs<\/title>\n<meta name=\"description\" content=\"Merci aux hommes adorateurs de Colmar pour cette belle initiative ! Il est important de prendre\u00a0le temps de mieux conna\u00eetre son fils, de tenir toute sa\" \/>\n<meta name=\"robots\" content=\"index, follow, max-snippet:-1, max-image-preview:large, max-video-preview:-1\" \/>\n<link rel=\"canonical\" href=\"https:\/\/www.hommes-adorateurs.fr\/?p=2080\" \/>\n<meta property=\"og:locale\" content=\"fr_FR\" \/>\n<meta property=\"og:type\" content=\"article\" \/>\n<meta property=\"og:title\" content=\"2\/3 septembre : c&#039;\u00e9tait le premier WE p\u00e8re-fils des hommes-adorateurs ! - Les hommes-adorateurs\" \/>\n<meta property=\"og:description\" content=\"Merci aux hommes adorateurs de Colmar pour cette belle initiative ! Il est important de prendre\u00a0le temps de mieux conna\u00eetre son fils, de tenir toute sa\" \/>\n<meta property=\"og:url\" content=\"https:\/\/www.hommes-adorateurs.fr\/?p=2080\" \/>\n<meta property=\"og:site_name\" content=\"Les hommes-adorateurs\" \/>\n<meta property=\"article:published_time\" content=\"2017-06-25T20:22:57+00:00\" \/>\n<meta property=\"article:modified_time\" content=\"2017-09-08T15:11:33+00:00\" \/>\n<meta property=\"og:image\" content=\"https:\/\/www.hommes-adorateurs.fr\/wp-content\/uploads\/2017\/06\/pere-fils.jpg\" \/>\n\t<meta property=\"og:image:width\" content=\"944\" \/>\n\t<meta property=\"og:image:height\" content=\"708\" \/>\n\t<meta property=\"og:image:type\" content=\"image\/jpeg\" \/>\n<meta name=\"author\" content=\"Gr\u00e9gory\" \/>\n<meta name=\"twitter:card\" content=\"summary_large_image\" \/>\n<meta name=\"twitter:label1\" content=\"\u00c9crit par\" \/>\n\t<meta name=\"twitter:data1\" content=\"Gr\u00e9gory\" \/>\n\t<meta name=\"twitter:label2\" content=\"Dur\u00e9e de lecture estim\u00e9e\" \/>\n\t<meta name=\"twitter:data2\" content=\"2 minutes\" \/>\n<script type=\"application\/ld+json\" class=\"yoast-schema-graph\">{\"@context\":\"https:\/\/schema.org\",\"@graph\":[{\"@type\":\"Article\",\"@id\":\"https:\/\/www.hommes-adorateurs.fr\/?p=2080#article\",\"isPartOf\":{\"@id\":\"https:\/\/www.hommes-adorateurs.fr\/?p=2080\"},\"author\":{\"name\":\"Gr\u00e9gory\",\"@id\":\"https:\/\/www.hommes-adorateurs.fr\/#\/schema\/person\/a3d3d8f5ed91b6bf7f1deb55926b625a\"},\"headline\":\"2\/3 septembre : c&rsquo;\u00e9tait le premier WE p\u00e8re-fils des hommes-adorateurs !\",\"datePublished\":\"2017-06-25T20:22:57+00:00\",\"dateModified\":\"2017-09-08T15:11:33+00:00\",\"mainEntityOfPage\":{\"@id\":\"https:\/\/www.hommes-adorateurs.fr\/?p=2080\"},\"wordCount\":324,\"commentCount\":0,\"image\":{\"@id\":\"https:\/\/www.hommes-adorateurs.fr\/?p=2080#primaryimage\"},\"thumbnailUrl\":\"https:\/\/www.hommes-adorateurs.fr\/wp-content\/uploads\/2017\/06\/pere-fils.jpg\",\"keywords\":[\"p\u00e8re\",\"randonn\u00e9e\"],\"articleSection\":[\"Colmar\",\"Contingents\"],\"inLanguage\":\"fr-FR\",\"potentialAction\":[{\"@type\":\"CommentAction\",\"name\":\"Comment\",\"target\":[\"https:\/\/www.hommes-adorateurs.fr\/?p=2080#respond\"]}]},{\"@type\":\"WebPage\",\"@id\":\"https:\/\/www.hommes-adorateurs.fr\/?p=2080\",\"url\":\"https:\/\/www.hommes-adorateurs.fr\/?p=2080\",\"name\":\"2\/3 septembre : c'\u00e9tait le premier WE p\u00e8re-fils des hommes-adorateurs ! - Les hommes-adorateurs\",\"isPartOf\":{\"@id\":\"https:\/\/www.hommes-adorateurs.fr\/#website\"},\"primaryImageOfPage\":{\"@id\":\"https:\/\/www.hommes-adorateurs.fr\/?p=2080#primaryimage\"},\"image\":{\"@id\":\"https:\/\/www.hommes-adorateurs.fr\/?p=2080#primaryimage\"},\"thumbnailUrl\":\"https:\/\/www.hommes-adorateurs.fr\/wp-content\/uploads\/2017\/06\/pere-fils.jpg\",\"datePublished\":\"2017-06-25T20:22:57+00:00\",\"dateModified\":\"2017-09-08T15:11:33+00:00\",\"author\":{\"@id\":\"https:\/\/www.hommes-adorateurs.fr\/#\/schema\/person\/a3d3d8f5ed91b6bf7f1deb55926b625a\"},\"description\":\"Merci aux hommes adorateurs de Colmar pour cette belle initiative ! Il est important de prendre\u00a0le temps de mieux conna\u00eetre son fils, de tenir toute sa\",\"breadcrumb\":{\"@id\":\"https:\/\/www.hommes-adorateurs.fr\/?p=2080#breadcrumb\"},\"inLanguage\":\"fr-FR\",\"potentialAction\":[{\"@type\":\"ReadAction\",\"target\":[\"https:\/\/www.hommes-adorateurs.fr\/?p=2080\"]}]},{\"@type\":\"ImageObject\",\"inLanguage\":\"fr-FR\",\"@id\":\"https:\/\/www.hommes-adorateurs.fr\/?p=2080#primaryimage\",\"url\":\"https:\/\/www.hommes-adorateurs.fr\/wp-content\/uploads\/2017\/06\/pere-fils.jpg\",\"contentUrl\":\"https:\/\/www.hommes-adorateurs.fr\/wp-content\/uploads\/2017\/06\/pere-fils.jpg\",\"width\":944,\"height\":708},{\"@type\":\"BreadcrumbList\",\"@id\":\"https:\/\/www.hommes-adorateurs.fr\/?p=2080#breadcrumb\",\"itemListElement\":[{\"@type\":\"ListItem\",\"position\":1,\"name\":\"Accueil\",\"item\":\"https:\/\/www.hommes-adorateurs.fr\/\"},{\"@type\":\"ListItem\",\"position\":2,\"name\":\"2\/3 septembre : c&rsquo;\u00e9tait le premier WE p\u00e8re-fils des hommes-adorateurs !\"}]},{\"@type\":\"WebSite\",\"@id\":\"https:\/\/www.hommes-adorateurs.fr\/#website\",\"url\":\"https:\/\/www.hommes-adorateurs.fr\/\",\"name\":\"Les hommes-adorateurs\",\"description\":\"Un saint est un homme avant d\u2019\u00eatre un saint. Un saint peut na\u00eetre en toute sorte d\u2019homme.  Gilbert Keith Chesterton\",\"potentialAction\":[{\"@type\":\"SearchAction\",\"target\":{\"@type\":\"EntryPoint\",\"urlTemplate\":\"https:\/\/www.hommes-adorateurs.fr\/?s={search_term_string}\"},\"query-input\":{\"@type\":\"PropertyValueSpecification\",\"valueRequired\":true,\"valueName\":\"search_term_string\"}}],\"inLanguage\":\"fr-FR\"},{\"@type\":\"Person\",\"@id\":\"https:\/\/www.hommes-adorateurs.fr\/#\/schema\/person\/a3d3d8f5ed91b6bf7f1deb55926b625a\",\"name\":\"Gr\u00e9gory\",\"image\":{\"@type\":\"ImageObject\",\"inLanguage\":\"fr-FR\",\"@id\":\"https:\/\/www.hommes-adorateurs.fr\/#\/schema\/person\/image\/\",\"url\":\"https:\/\/secure.gravatar.com\/avatar\/8a2d5be3467ed460a507b5e187731ee898691d21c11235bdf2801e61e2129363?s=96&d=mm&r=g\",\"contentUrl\":\"https:\/\/secure.gravatar.com\/avatar\/8a2d5be3467ed460a507b5e187731ee898691d21c11235bdf2801e61e2129363?s=96&d=mm&r=g\",\"caption\":\"Gr\u00e9gory\"},\"sameAs\":[\"http:\/\/www.hommes-adorateurs.fr\/\"],\"url\":\"https:\/\/www.hommes-adorateurs.fr\/?author=2\"}]}<\/script>\n<!-- \/ Yoast SEO plugin. -->","yoast_head_json":{"title":"2\/3 septembre : c'\u00e9tait le premier WE p\u00e8re-fils des hommes-adorateurs ! - Les hommes-adorateurs","description":"Merci aux hommes adorateurs de Colmar pour cette belle initiative ! Il est important de prendre\u00a0le temps de mieux conna\u00eetre son fils, de tenir toute sa","robots":{"index":"index","follow":"follow","max-snippet":"max-snippet:-1","max-image-preview":"max-image-preview:large","max-video-preview":"max-video-preview:-1"},"canonical":"https:\/\/www.hommes-adorateurs.fr\/?p=2080","og_locale":"fr_FR","og_type":"article","og_title":"2\/3 septembre : c'\u00e9tait le premier WE p\u00e8re-fils des hommes-adorateurs ! - Les hommes-adorateurs","og_description":"Merci aux hommes adorateurs de Colmar pour cette belle initiative ! Il est important de prendre\u00a0le temps de mieux conna\u00eetre son fils, de tenir toute sa","og_url":"https:\/\/www.hommes-adorateurs.fr\/?p=2080","og_site_name":"Les hommes-adorateurs","article_published_time":"2017-06-25T20:22:57+00:00","article_modified_time":"2017-09-08T15:11:33+00:00","og_image":[{"width":944,"height":708,"url":"https:\/\/www.hommes-adorateurs.fr\/wp-content\/uploads\/2017\/06\/pere-fils.jpg","type":"image\/jpeg"}],"author":"Gr\u00e9gory","twitter_card":"summary_large_image","twitter_misc":{"\u00c9crit par":"Gr\u00e9gory","Dur\u00e9e de lecture estim\u00e9e":"2 minutes"},"schema":{"@context":"https:\/\/schema.org","@graph":[{"@type":"Article","@id":"https:\/\/www.hommes-adorateurs.fr\/?p=2080#article","isPartOf":{"@id":"https:\/\/www.hommes-adorateurs.fr\/?p=2080"},"author":{"name":"Gr\u00e9gory","@id":"https:\/\/www.hommes-adorateurs.fr\/#\/schema\/person\/a3d3d8f5ed91b6bf7f1deb55926b625a"},"headline":"2\/3 septembre : c&rsquo;\u00e9tait le premier WE p\u00e8re-fils des hommes-adorateurs !","datePublished":"2017-06-25T20:22:57+00:00","dateModified":"2017-09-08T15:11:33+00:00","mainEntityOfPage":{"@id":"https:\/\/www.hommes-adorateurs.fr\/?p=2080"},"wordCount":324,"commentCount":0,"image":{"@id":"https:\/\/www.hommes-adorateurs.fr\/?p=2080#primaryimage"},"thumbnailUrl":"https:\/\/www.hommes-adorateurs.fr\/wp-content\/uploads\/2017\/06\/pere-fils.jpg","keywords":["p\u00e8re","randonn\u00e9e"],"articleSection":["Colmar","Contingents"],"inLanguage":"fr-FR","potentialAction":[{"@type":"CommentAction","name":"Comment","target":["https:\/\/www.hommes-adorateurs.fr\/?p=2080#respond"]}]},{"@type":"WebPage","@id":"https:\/\/www.hommes-adorateurs.fr\/?p=2080","url":"https:\/\/www.hommes-adorateurs.fr\/?p=2080","name":"2\/3 septembre : c'\u00e9tait le premier WE p\u00e8re-fils des hommes-adorateurs ! - Les hommes-adorateurs","isPartOf":{"@id":"https:\/\/www.hommes-adorateurs.fr\/#website"},"primaryImageOfPage":{"@id":"https:\/\/www.hommes-adorateurs.fr\/?p=2080#primaryimage"},"image":{"@id":"https:\/\/www.hommes-adorateurs.fr\/?p=2080#primaryimage"},"thumbnailUrl":"https:\/\/www.hommes-adorateurs.fr\/wp-content\/uploads\/2017\/06\/pere-fils.jpg","datePublished":"2017-06-25T20:22:57+00:00","dateModified":"2017-09-08T15:11:33+00:00","author":{"@id":"https:\/\/www.hommes-adorateurs.fr\/#\/schema\/person\/a3d3d8f5ed91b6bf7f1deb55926b625a"},"description":"Merci aux hommes adorateurs de Colmar pour cette belle initiative ! Il est important de prendre\u00a0le temps de mieux conna\u00eetre son fils, de tenir toute sa","breadcrumb":{"@id":"https:\/\/www.hommes-adorateurs.fr\/?p=2080#breadcrumb"},"inLanguage":"fr-FR","potentialAction":[{"@type":"ReadAction","target":["https:\/\/www.hommes-adorateurs.fr\/?p=2080"]}]},{"@type":"ImageObject","inLanguage":"fr-FR","@id":"https:\/\/www.hommes-adorateurs.fr\/?p=2080#primaryimage","url":"https:\/\/www.hommes-adorateurs.fr\/wp-content\/uploads\/2017\/06\/pere-fils.jpg","contentUrl":"https:\/\/www.hommes-adorateurs.fr\/wp-content\/uploads\/2017\/06\/pere-fils.jpg","width":944,"height":708},{"@type":"BreadcrumbList","@id":"https:\/\/www.hommes-adorateurs.fr\/?p=2080#breadcrumb","itemListElement":[{"@type":"ListItem","position":1,"name":"Accueil","item":"https:\/\/www.hommes-adorateurs.fr\/"},{"@type":"ListItem","position":2,"name":"2\/3 septembre : c&rsquo;\u00e9tait le premier WE p\u00e8re-fils des hommes-adorateurs !"}]},{"@type":"WebSite","@id":"https:\/\/www.hommes-adorateurs.fr\/#website","url":"https:\/\/www.hommes-adorateurs.fr\/","name":"Les hommes-adorateurs","description":"Un saint est un homme avant d\u2019\u00eatre un saint. Un saint peut na\u00eetre en toute sorte d\u2019homme.  Gilbert Keith Chesterton","potentialAction":[{"@type":"SearchAction","target":{"@type":"EntryPoint","urlTemplate":"https:\/\/www.hommes-adorateurs.fr\/?s={search_term_string}"},"query-input":{"@type":"PropertyValueSpecification","valueRequired":true,"valueName":"search_term_string"}}],"inLanguage":"fr-FR"},{"@type":"Person","@id":"https:\/\/www.hommes-adorateurs.fr\/#\/schema\/person\/a3d3d8f5ed91b6bf7f1deb55926b625a","name":"Gr\u00e9gory","image":{"@type":"ImageObject","inLanguage":"fr-FR","@id":"https:\/\/www.hommes-adorateurs.fr\/#\/schema\/person\/image\/","url":"https:\/\/secure.gravatar.com\/avatar\/8a2d5be3467ed460a507b5e187731ee898691d21c11235bdf2801e61e2129363?s=96&d=mm&r=g","contentUrl":"https:\/\/secure.gravatar.com\/avatar\/8a2d5be3467ed460a507b5e187731ee898691d21c11235bdf2801e61e2129363?s=96&d=mm&r=g","caption":"Gr\u00e9gory"},"sameAs":["http:\/\/www.hommes-adorateurs.fr\/"],"url":"https:\/\/www.hommes-adorateurs.fr\/?author=2"}]}},"_links":{"self":[{"href":"https:\/\/www.hommes-adorateurs.fr\/index.php?rest_route=\/wp\/v2\/posts\/2080","targetHints":{"allow":["GET"]}}],"collection":[{"href":"https:\/\/www.hommes-adorateurs.fr\/index.php?rest_route=\/wp\/v2\/posts"}],"about":[{"href":"https:\/\/www.hommes-adorateurs.fr\/index.php?rest_route=\/wp\/v2\/types\/post"}],"author":[{"embeddable":true,"href":"https:\/\/www.hommes-adorateurs.fr\/index.php?rest_route=\/wp\/v2\/users\/2"}],"replies":[{"embeddable":true,"href":"https:\/\/www.hommes-adorateurs.fr\/index.php?rest_route=%2Fwp%2Fv2%2Fcomments&post=2080"}],"version-history":[{"count":5,"href":"https:\/\/www.hommes-adorateurs.fr\/index.php?rest_route=\/wp\/v2\/posts\/2080\/revisions"}],"predecessor-version":[{"id":2113,"href":"https:\/\/www.hommes-adorateurs.fr\/index.php?rest_route=\/wp\/v2\/posts\/2080\/revisions\/2113"}],"wp:featuredmedia":[{"embeddable":true,"href":"https:\/\/www.hommes-adorateurs.fr\/index.php?rest_route=\/wp\/v2\/media\/2081"}],"wp:attachment":[{"href":"https:\/\/www.hommes-adorateurs.fr\/index.php?rest_route=%2Fwp%2Fv2%2Fmedia&parent=2080"}],"wp:term":[{"taxonomy":"category","embeddable":true,"href":"https:\/\/www.hommes-adorateurs.fr\/index.php?rest_route=%2Fwp%2Fv2%2Fcategories&post=2080"},{"taxonomy":"post_tag","embeddable":true,"href":"https:\/\/www.hommes-adorateurs.fr\/index.php?rest_route=%2Fwp%2Fv2%2Ftags&post=2080"}],"curies":[{"name":"wp","href":"https:\/\/api.w.org\/{rel}","templated":true}]}}