{"id":2331,"date":"2018-02-07T23:37:15","date_gmt":"2018-02-07T22:37:15","guid":{"rendered":"http:\/\/www.hommes-adorateurs.fr\/?p=2331"},"modified":"2018-02-07T23:37:32","modified_gmt":"2018-02-07T22:37:32","slug":"mars-2018-rencontre-avec-pierre-favre-au-luc-en-provence","status":"publish","type":"post","link":"https:\/\/www.hommes-adorateurs.fr\/?p=2331","title":{"rendered":"Mars 2018 : Rencontre avec Pierre Favre, au Luc en Provence"},"content":{"rendered":"<p><b><a href=\"http:\/\/www.hommes-adorateurs.fr\/wp-content\/uploads\/2018\/02\/pierre-favre-hommes-adorateurs.jpg\"><img loading=\"lazy\" decoding=\"async\" class=\"size-medium wp-image-2332 alignleft\" src=\"http:\/\/www.hommes-adorateurs.fr\/wp-content\/uploads\/2018\/02\/pierre-favre-hommes-adorateurs-212x300.jpg\" alt=\"\" width=\"212\" height=\"300\" srcset=\"https:\/\/www.hommes-adorateurs.fr\/wp-content\/uploads\/2018\/02\/pierre-favre-hommes-adorateurs-212x300.jpg 212w, https:\/\/www.hommes-adorateurs.fr\/wp-content\/uploads\/2018\/02\/pierre-favre-hommes-adorateurs-768x1086.jpg 768w, https:\/\/www.hommes-adorateurs.fr\/wp-content\/uploads\/2018\/02\/pierre-favre-hommes-adorateurs-724x1024.jpg 724w\" sizes=\"auto, (max-width: 212px) 100vw, 212px\" \/><\/a>Prochaine rencontre : le jeudi 8\u00a0mars 2018,<\/b><\/p>\n<p>Rendez-vous donc pour cette rencontre des Hommes-Adorateurs du Luc-en-Provence \u00e0 l\u2019\u00e9glise puis au presbyt\u00e8re du Luc-en-Provence :<\/p>\n<ul>\n<li><strong>19h30 :<\/strong>\u00a0Adoration du Saint-Sacrement<\/li>\n<li><strong>20h30 :<\/strong>\u00a0Repas (riz agr\u00e9ment\u00e9, Car\u00eame oblige !) et t\u00e9moignage de <a href=\"https:\/\/fr.wikipedia.org\/wiki\/Pierrot_Sapu\">Pierre Favre<\/a>, ancien chanteur du groupe de rock alternatif \u00ab\u00a0Les Gar\u00e7ons bouchers\u00a0\u00bb<\/li>\n<\/ul>\n<p><strong><em>Nous vous r\u00e9galons, participation libre !<\/em><\/strong><\/p>\n<p>Tenez-nous au courant par mail (<em>leluc@hommes-adorateurs.fr<\/em>), afin de pr\u00e9parer suffisamment de nourriture\u00a0!<\/p>\n<div dir=\"ltr\">\n<div><b>Si c\u2019est difficile pour vous de venir, r\u00e9jouissez-vous et offrez-le : A travers la docilit\u00e9 \u00e0 l\u2019Esprit-Saint, le Seigneur donne TOUJOURS la victoire !<\/b>Soyons \u00e0 genoux devant l\u2019Eucharistie qui contient et exprime toutes les formes de pri\u00e8re\u00a0: elle est \u00a0\u00bb\u00a0l\u2019offrande pure\u00a0\u00a0\u00bb de tout le Corps du Christ \u00a0\u00bb\u00a0\u00e0 la gloire de son Nom\u00a0\u00a0\u00bb (cf. Ml 1, 11)\u00a0; elle est, selon les traditions d\u2019Orient et d\u2019Occident, \u00ab\u00a0<b>\u00a0le sacrifice de louange<\/b>\u00a0\u00ab\u00a0.<\/div>\n<div><\/div>\n<div>On vous attend !<\/div>\n<\/div>\n<p>Rapha\u00ebl et Gr\u00e9gory<\/p>\n<p style=\"text-align: center;\"><iframe loading=\"lazy\" src=\"https:\/\/www.youtube.com\/embed\/AyCXK0ckfOY\" width=\"854\" height=\"480\" frameborder=\"0\" allowfullscreen=\"allowfullscreen\"><\/iframe><\/p>\n<p>&nbsp;<\/p>\n<p>\u00ab\u00a0L\u2019adoration constitue donc pour les hommes adorateurs comme un<strong>\u00a0acte de r\u00e9sistance contre tous les asservissements charri\u00e9s par notre \u00e9poque<\/strong>. Ils y affirment aussi leur\u00a0<strong>identit\u00e9 masculine<\/strong>, qu\u2019ils ont\u00a0<strong>c\u00e9l\u00e9br\u00e9e virilement d\u2019abord autour d\u2019une table bien garnie<\/strong>, avant de<strong>\u00a0s\u2019offrir au Christ et de se laisser attirer par Lui dans le C\u0153ur \u00e0 c\u0153ur auquel Il les invite<\/strong>.\u00a0\u00bb\u00a0 (<a href=\"http:\/\/www.hommes-adorateurs.fr\/message-de-monseigneur-rey-aux-hommes\/\">message de Mgr Rey aux Hommes-Adorateurs<\/a>)<\/p>\n<p>Le site des paroisses du Luc-en-Provence et du Cannet-des-Maures (83) :<a href=\"http:\/\/www.hommes-adorateurs.fr\/prochaine-rencontre-au-luc-en-provence\/www.paroisses-luc-cannet.fr\">\u00a0paroiss<\/a><a href=\"http:\/\/www.hommes-adorateurs.fr\/prochaine-rencontre-au-luc-en-provence\/www.paroisses-luc-cannet.fr\">es-luc-cannet.fr<\/a><\/p>\n","protected":false},"excerpt":{"rendered":"<p>Prochaine rencontre : le jeudi 8\u00a0mars 2018, Rendez-vous donc pour cette rencontre des Hommes-Adorateurs du Luc-en-Provence \u00e0 l\u2019\u00e9glise puis au presbyt\u00e8re du Luc-en-Provence : 19h30 :\u00a0Adoration du Saint-Sacrement 20h30 :\u00a0Repas (riz agr\u00e9ment\u00e9, Car\u00eame oblige !) et t\u00e9moignage de Pierre Favre, ancien chanteur du groupe de rock alternatif \u00ab\u00a0Les Gar\u00e7ons bouchers\u00a0\u00bb Nous vous r\u00e9galons, participation libre &hellip;<\/p>\n","protected":false},"author":2,"featured_media":2332,"comment_status":"open","ping_status":"open","sticky":false,"template":"","format":"standard","meta":{"footnotes":""},"categories":[6,4,3],"tags":[67,182,183,184,37],"class_list":["post-2331","post","type-post","status-publish","format-standard","has-post-thumbnail","hentry","category-articles","category-contingents","category-le-luc-en-provence","tag-conversion","tag-favre","tag-garcons-bouchers","tag-rock","tag-temoignage"],"yoast_head":"<!-- This site is optimized with the Yoast SEO plugin v27.1.1 - https:\/\/yoast.com\/product\/yoast-seo-wordpress\/ -->\n<title>Mars 2018 : Rencontre avec Pierre Favre, au Luc en Provence - Les hommes-adorateurs<\/title>\n<meta name=\"description\" content=\"Prochaine rencontre : le jeudi 8\u00a0mars 2018, Rendez-vous donc pour cette rencontre des Hommes-Adorateurs du Luc-en-Provence \u00e0 l\u2019\u00e9glise puis au presbyt\u00e8re\" \/>\n<meta name=\"robots\" content=\"index, follow, max-snippet:-1, max-image-preview:large, max-video-preview:-1\" \/>\n<link rel=\"canonical\" href=\"https:\/\/www.hommes-adorateurs.fr\/?p=2331\" \/>\n<meta property=\"og:locale\" content=\"fr_FR\" \/>\n<meta property=\"og:type\" content=\"article\" \/>\n<meta property=\"og:title\" content=\"Mars 2018 : Rencontre avec Pierre Favre, au Luc en Provence - Les hommes-adorateurs\" \/>\n<meta property=\"og:description\" content=\"Prochaine rencontre : le jeudi 8\u00a0mars 2018, Rendez-vous donc pour cette rencontre des Hommes-Adorateurs du Luc-en-Provence \u00e0 l\u2019\u00e9glise puis au presbyt\u00e8re\" \/>\n<meta property=\"og:url\" content=\"https:\/\/www.hommes-adorateurs.fr\/?p=2331\" \/>\n<meta property=\"og:site_name\" content=\"Les hommes-adorateurs\" \/>\n<meta property=\"article:published_time\" content=\"2018-02-07T22:37:15+00:00\" \/>\n<meta property=\"article:modified_time\" content=\"2018-02-07T22:37:32+00:00\" \/>\n<meta property=\"og:image\" content=\"https:\/\/www.hommes-adorateurs.fr\/wp-content\/uploads\/2018\/02\/pierre-favre-hommes-adorateurs-724x1024.jpg\" \/>\n\t<meta property=\"og:image:width\" content=\"724\" \/>\n\t<meta property=\"og:image:height\" content=\"1024\" \/>\n\t<meta property=\"og:image:type\" content=\"image\/jpeg\" \/>\n<meta name=\"author\" content=\"Gr\u00e9gory\" \/>\n<meta name=\"twitter:card\" content=\"summary_large_image\" \/>\n<meta name=\"twitter:label1\" content=\"\u00c9crit par\" \/>\n\t<meta name=\"twitter:data1\" content=\"Gr\u00e9gory\" \/>\n\t<meta name=\"twitter:label2\" content=\"Dur\u00e9e de lecture estim\u00e9e\" \/>\n\t<meta name=\"twitter:data2\" content=\"1 minute\" \/>\n<script type=\"application\/ld+json\" class=\"yoast-schema-graph\">{\"@context\":\"https:\/\/schema.org\",\"@graph\":[{\"@type\":\"Article\",\"@id\":\"https:\/\/www.hommes-adorateurs.fr\/?p=2331#article\",\"isPartOf\":{\"@id\":\"https:\/\/www.hommes-adorateurs.fr\/?p=2331\"},\"author\":{\"name\":\"Gr\u00e9gory\",\"@id\":\"https:\/\/www.hommes-adorateurs.fr\/#\/schema\/person\/a3d3d8f5ed91b6bf7f1deb55926b625a\"},\"headline\":\"Mars 2018 : Rencontre avec Pierre Favre, au Luc en Provence\",\"datePublished\":\"2018-02-07T22:37:15+00:00\",\"dateModified\":\"2018-02-07T22:37:32+00:00\",\"mainEntityOfPage\":{\"@id\":\"https:\/\/www.hommes-adorateurs.fr\/?p=2331\"},\"wordCount\":248,\"commentCount\":0,\"image\":{\"@id\":\"https:\/\/www.hommes-adorateurs.fr\/?p=2331#primaryimage\"},\"thumbnailUrl\":\"https:\/\/www.hommes-adorateurs.fr\/wp-content\/uploads\/2018\/02\/pierre-favre-hommes-adorateurs.jpg\",\"keywords\":[\"conversion\",\"favre\",\"Garcons bouchers\",\"rock\",\"t\u00e9moignage\"],\"articleSection\":[\"Articles\",\"Contingents\",\"Le Luc en Provence\"],\"inLanguage\":\"fr-FR\",\"potentialAction\":[{\"@type\":\"CommentAction\",\"name\":\"Comment\",\"target\":[\"https:\/\/www.hommes-adorateurs.fr\/?p=2331#respond\"]}]},{\"@type\":\"WebPage\",\"@id\":\"https:\/\/www.hommes-adorateurs.fr\/?p=2331\",\"url\":\"https:\/\/www.hommes-adorateurs.fr\/?p=2331\",\"name\":\"Mars 2018 : Rencontre avec Pierre Favre, au Luc en Provence - Les hommes-adorateurs\",\"isPartOf\":{\"@id\":\"https:\/\/www.hommes-adorateurs.fr\/#website\"},\"primaryImageOfPage\":{\"@id\":\"https:\/\/www.hommes-adorateurs.fr\/?p=2331#primaryimage\"},\"image\":{\"@id\":\"https:\/\/www.hommes-adorateurs.fr\/?p=2331#primaryimage\"},\"thumbnailUrl\":\"https:\/\/www.hommes-adorateurs.fr\/wp-content\/uploads\/2018\/02\/pierre-favre-hommes-adorateurs.jpg\",\"datePublished\":\"2018-02-07T22:37:15+00:00\",\"dateModified\":\"2018-02-07T22:37:32+00:00\",\"author\":{\"@id\":\"https:\/\/www.hommes-adorateurs.fr\/#\/schema\/person\/a3d3d8f5ed91b6bf7f1deb55926b625a\"},\"description\":\"Prochaine rencontre : le jeudi 8\u00a0mars 2018, Rendez-vous donc pour cette rencontre des Hommes-Adorateurs du Luc-en-Provence \u00e0 l\u2019\u00e9glise puis au presbyt\u00e8re\",\"breadcrumb\":{\"@id\":\"https:\/\/www.hommes-adorateurs.fr\/?p=2331#breadcrumb\"},\"inLanguage\":\"fr-FR\",\"potentialAction\":[{\"@type\":\"ReadAction\",\"target\":[\"https:\/\/www.hommes-adorateurs.fr\/?p=2331\"]}]},{\"@type\":\"ImageObject\",\"inLanguage\":\"fr-FR\",\"@id\":\"https:\/\/www.hommes-adorateurs.fr\/?p=2331#primaryimage\",\"url\":\"https:\/\/www.hommes-adorateurs.fr\/wp-content\/uploads\/2018\/02\/pierre-favre-hommes-adorateurs.jpg\",\"contentUrl\":\"https:\/\/www.hommes-adorateurs.fr\/wp-content\/uploads\/2018\/02\/pierre-favre-hommes-adorateurs.jpg\",\"width\":3508,\"height\":4961},{\"@type\":\"BreadcrumbList\",\"@id\":\"https:\/\/www.hommes-adorateurs.fr\/?p=2331#breadcrumb\",\"itemListElement\":[{\"@type\":\"ListItem\",\"position\":1,\"name\":\"Accueil\",\"item\":\"https:\/\/www.hommes-adorateurs.fr\/\"},{\"@type\":\"ListItem\",\"position\":2,\"name\":\"Mars 2018 : Rencontre avec Pierre Favre, au Luc en Provence\"}]},{\"@type\":\"WebSite\",\"@id\":\"https:\/\/www.hommes-adorateurs.fr\/#website\",\"url\":\"https:\/\/www.hommes-adorateurs.fr\/\",\"name\":\"Les hommes-adorateurs\",\"description\":\"Un saint est un homme avant d\u2019\u00eatre un saint. Un saint peut na\u00eetre en toute sorte d\u2019homme.  Gilbert Keith Chesterton\",\"potentialAction\":[{\"@type\":\"SearchAction\",\"target\":{\"@type\":\"EntryPoint\",\"urlTemplate\":\"https:\/\/www.hommes-adorateurs.fr\/?s={search_term_string}\"},\"query-input\":{\"@type\":\"PropertyValueSpecification\",\"valueRequired\":true,\"valueName\":\"search_term_string\"}}],\"inLanguage\":\"fr-FR\"},{\"@type\":\"Person\",\"@id\":\"https:\/\/www.hommes-adorateurs.fr\/#\/schema\/person\/a3d3d8f5ed91b6bf7f1deb55926b625a\",\"name\":\"Gr\u00e9gory\",\"image\":{\"@type\":\"ImageObject\",\"inLanguage\":\"fr-FR\",\"@id\":\"https:\/\/www.hommes-adorateurs.fr\/#\/schema\/person\/image\/\",\"url\":\"https:\/\/secure.gravatar.com\/avatar\/8a2d5be3467ed460a507b5e187731ee898691d21c11235bdf2801e61e2129363?s=96&d=mm&r=g\",\"contentUrl\":\"https:\/\/secure.gravatar.com\/avatar\/8a2d5be3467ed460a507b5e187731ee898691d21c11235bdf2801e61e2129363?s=96&d=mm&r=g\",\"caption\":\"Gr\u00e9gory\"},\"sameAs\":[\"http:\/\/www.hommes-adorateurs.fr\/\"],\"url\":\"https:\/\/www.hommes-adorateurs.fr\/?author=2\"}]}<\/script>\n<!-- \/ Yoast SEO plugin. -->","yoast_head_json":{"title":"Mars 2018 : Rencontre avec Pierre Favre, au Luc en Provence - Les hommes-adorateurs","description":"Prochaine rencontre : le jeudi 8\u00a0mars 2018, Rendez-vous donc pour cette rencontre des Hommes-Adorateurs du Luc-en-Provence \u00e0 l\u2019\u00e9glise puis au presbyt\u00e8re","robots":{"index":"index","follow":"follow","max-snippet":"max-snippet:-1","max-image-preview":"max-image-preview:large","max-video-preview":"max-video-preview:-1"},"canonical":"https:\/\/www.hommes-adorateurs.fr\/?p=2331","og_locale":"fr_FR","og_type":"article","og_title":"Mars 2018 : Rencontre avec Pierre Favre, au Luc en Provence - Les hommes-adorateurs","og_description":"Prochaine rencontre : le jeudi 8\u00a0mars 2018, Rendez-vous donc pour cette rencontre des Hommes-Adorateurs du Luc-en-Provence \u00e0 l\u2019\u00e9glise puis au presbyt\u00e8re","og_url":"https:\/\/www.hommes-adorateurs.fr\/?p=2331","og_site_name":"Les hommes-adorateurs","article_published_time":"2018-02-07T22:37:15+00:00","article_modified_time":"2018-02-07T22:37:32+00:00","og_image":[{"width":724,"height":1024,"url":"https:\/\/www.hommes-adorateurs.fr\/wp-content\/uploads\/2018\/02\/pierre-favre-hommes-adorateurs-724x1024.jpg","type":"image\/jpeg"}],"author":"Gr\u00e9gory","twitter_card":"summary_large_image","twitter_misc":{"\u00c9crit par":"Gr\u00e9gory","Dur\u00e9e de lecture estim\u00e9e":"1 minute"},"schema":{"@context":"https:\/\/schema.org","@graph":[{"@type":"Article","@id":"https:\/\/www.hommes-adorateurs.fr\/?p=2331#article","isPartOf":{"@id":"https:\/\/www.hommes-adorateurs.fr\/?p=2331"},"author":{"name":"Gr\u00e9gory","@id":"https:\/\/www.hommes-adorateurs.fr\/#\/schema\/person\/a3d3d8f5ed91b6bf7f1deb55926b625a"},"headline":"Mars 2018 : Rencontre avec Pierre Favre, au Luc en Provence","datePublished":"2018-02-07T22:37:15+00:00","dateModified":"2018-02-07T22:37:32+00:00","mainEntityOfPage":{"@id":"https:\/\/www.hommes-adorateurs.fr\/?p=2331"},"wordCount":248,"commentCount":0,"image":{"@id":"https:\/\/www.hommes-adorateurs.fr\/?p=2331#primaryimage"},"thumbnailUrl":"https:\/\/www.hommes-adorateurs.fr\/wp-content\/uploads\/2018\/02\/pierre-favre-hommes-adorateurs.jpg","keywords":["conversion","favre","Garcons bouchers","rock","t\u00e9moignage"],"articleSection":["Articles","Contingents","Le Luc en Provence"],"inLanguage":"fr-FR","potentialAction":[{"@type":"CommentAction","name":"Comment","target":["https:\/\/www.hommes-adorateurs.fr\/?p=2331#respond"]}]},{"@type":"WebPage","@id":"https:\/\/www.hommes-adorateurs.fr\/?p=2331","url":"https:\/\/www.hommes-adorateurs.fr\/?p=2331","name":"Mars 2018 : Rencontre avec Pierre Favre, au Luc en Provence - Les hommes-adorateurs","isPartOf":{"@id":"https:\/\/www.hommes-adorateurs.fr\/#website"},"primaryImageOfPage":{"@id":"https:\/\/www.hommes-adorateurs.fr\/?p=2331#primaryimage"},"image":{"@id":"https:\/\/www.hommes-adorateurs.fr\/?p=2331#primaryimage"},"thumbnailUrl":"https:\/\/www.hommes-adorateurs.fr\/wp-content\/uploads\/2018\/02\/pierre-favre-hommes-adorateurs.jpg","datePublished":"2018-02-07T22:37:15+00:00","dateModified":"2018-02-07T22:37:32+00:00","author":{"@id":"https:\/\/www.hommes-adorateurs.fr\/#\/schema\/person\/a3d3d8f5ed91b6bf7f1deb55926b625a"},"description":"Prochaine rencontre : le jeudi 8\u00a0mars 2018, Rendez-vous donc pour cette rencontre des Hommes-Adorateurs du Luc-en-Provence \u00e0 l\u2019\u00e9glise puis au presbyt\u00e8re","breadcrumb":{"@id":"https:\/\/www.hommes-adorateurs.fr\/?p=2331#breadcrumb"},"inLanguage":"fr-FR","potentialAction":[{"@type":"ReadAction","target":["https:\/\/www.hommes-adorateurs.fr\/?p=2331"]}]},{"@type":"ImageObject","inLanguage":"fr-FR","@id":"https:\/\/www.hommes-adorateurs.fr\/?p=2331#primaryimage","url":"https:\/\/www.hommes-adorateurs.fr\/wp-content\/uploads\/2018\/02\/pierre-favre-hommes-adorateurs.jpg","contentUrl":"https:\/\/www.hommes-adorateurs.fr\/wp-content\/uploads\/2018\/02\/pierre-favre-hommes-adorateurs.jpg","width":3508,"height":4961},{"@type":"BreadcrumbList","@id":"https:\/\/www.hommes-adorateurs.fr\/?p=2331#breadcrumb","itemListElement":[{"@type":"ListItem","position":1,"name":"Accueil","item":"https:\/\/www.hommes-adorateurs.fr\/"},{"@type":"ListItem","position":2,"name":"Mars 2018 : Rencontre avec Pierre Favre, au Luc en Provence"}]},{"@type":"WebSite","@id":"https:\/\/www.hommes-adorateurs.fr\/#website","url":"https:\/\/www.hommes-adorateurs.fr\/","name":"Les hommes-adorateurs","description":"Un saint est un homme avant d\u2019\u00eatre un saint. Un saint peut na\u00eetre en toute sorte d\u2019homme.  Gilbert Keith Chesterton","potentialAction":[{"@type":"SearchAction","target":{"@type":"EntryPoint","urlTemplate":"https:\/\/www.hommes-adorateurs.fr\/?s={search_term_string}"},"query-input":{"@type":"PropertyValueSpecification","valueRequired":true,"valueName":"search_term_string"}}],"inLanguage":"fr-FR"},{"@type":"Person","@id":"https:\/\/www.hommes-adorateurs.fr\/#\/schema\/person\/a3d3d8f5ed91b6bf7f1deb55926b625a","name":"Gr\u00e9gory","image":{"@type":"ImageObject","inLanguage":"fr-FR","@id":"https:\/\/www.hommes-adorateurs.fr\/#\/schema\/person\/image\/","url":"https:\/\/secure.gravatar.com\/avatar\/8a2d5be3467ed460a507b5e187731ee898691d21c11235bdf2801e61e2129363?s=96&d=mm&r=g","contentUrl":"https:\/\/secure.gravatar.com\/avatar\/8a2d5be3467ed460a507b5e187731ee898691d21c11235bdf2801e61e2129363?s=96&d=mm&r=g","caption":"Gr\u00e9gory"},"sameAs":["http:\/\/www.hommes-adorateurs.fr\/"],"url":"https:\/\/www.hommes-adorateurs.fr\/?author=2"}]}},"_links":{"self":[{"href":"https:\/\/www.hommes-adorateurs.fr\/index.php?rest_route=\/wp\/v2\/posts\/2331","targetHints":{"allow":["GET"]}}],"collection":[{"href":"https:\/\/www.hommes-adorateurs.fr\/index.php?rest_route=\/wp\/v2\/posts"}],"about":[{"href":"https:\/\/www.hommes-adorateurs.fr\/index.php?rest_route=\/wp\/v2\/types\/post"}],"author":[{"embeddable":true,"href":"https:\/\/www.hommes-adorateurs.fr\/index.php?rest_route=\/wp\/v2\/users\/2"}],"replies":[{"embeddable":true,"href":"https:\/\/www.hommes-adorateurs.fr\/index.php?rest_route=%2Fwp%2Fv2%2Fcomments&post=2331"}],"version-history":[{"count":5,"href":"https:\/\/www.hommes-adorateurs.fr\/index.php?rest_route=\/wp\/v2\/posts\/2331\/revisions"}],"predecessor-version":[{"id":2338,"href":"https:\/\/www.hommes-adorateurs.fr\/index.php?rest_route=\/wp\/v2\/posts\/2331\/revisions\/2338"}],"wp:featuredmedia":[{"embeddable":true,"href":"https:\/\/www.hommes-adorateurs.fr\/index.php?rest_route=\/wp\/v2\/media\/2332"}],"wp:attachment":[{"href":"https:\/\/www.hommes-adorateurs.fr\/index.php?rest_route=%2Fwp%2Fv2%2Fmedia&parent=2331"}],"wp:term":[{"taxonomy":"category","embeddable":true,"href":"https:\/\/www.hommes-adorateurs.fr\/index.php?rest_route=%2Fwp%2Fv2%2Fcategories&post=2331"},{"taxonomy":"post_tag","embeddable":true,"href":"https:\/\/www.hommes-adorateurs.fr\/index.php?rest_route=%2Fwp%2Fv2%2Ftags&post=2331"}],"curies":[{"name":"wp","href":"https:\/\/api.w.org\/{rel}","templated":true}]}}