{"id":238,"date":"2013-12-15T19:42:15","date_gmt":"2013-12-15T18:42:15","guid":{"rendered":"http:\/\/www.hommes-adorateurs.fr\/?p=238"},"modified":"2013-12-15T21:03:30","modified_gmt":"2013-12-15T20:03:30","slug":"le-dimanche-a-la-messe","status":"publish","type":"post","link":"https:\/\/www.hommes-adorateurs.fr\/?p=238","title":{"rendered":"Le dimanche \u00e0 la messe !"},"content":{"rendered":"<p><a href=\"http:\/\/www.hommes-adorateurs.fr\/wp-content\/uploads\/2013\/12\/photo-1.jpg\"><img loading=\"lazy\" decoding=\"async\" class=\" wp-image-240 alignleft\" alt=\"sortie de messe Luc-en-Provence\" src=\"http:\/\/www.hommes-adorateurs.fr\/wp-content\/uploads\/2013\/12\/photo-1-300x225.jpg\" width=\"270\" height=\"203\" srcset=\"https:\/\/www.hommes-adorateurs.fr\/wp-content\/uploads\/2013\/12\/photo-1-300x225.jpg 300w, https:\/\/www.hommes-adorateurs.fr\/wp-content\/uploads\/2013\/12\/photo-1-1024x768.jpg 1024w, https:\/\/www.hommes-adorateurs.fr\/wp-content\/uploads\/2013\/12\/photo-1.jpg 1958w\" sizes=\"auto, (max-width: 270px) 100vw, 270px\" \/><\/a><\/p>\n<p>Quelle joie une fois encore d&rsquo;avoir pu d&rsquo;aller ce dimanche \u00e0 la messe, de la vivre pour la Gloire de Dieu et le Salut du monde et de nous y retrouver en fr\u00e8res (cf. photo ci-jointe), mais cela est-il optionnel pour un catholique ? Non, ce n&rsquo;est pas optionnel, mais indispensable.<\/p>\n<p>Il n&rsquo;est pas envisageable pour un homme catholique de ne pas aller \u00e0 la messe tous les dimanches et jours de solennit\u00e9 , d\u00e9j\u00e0 pour une tr\u00e8s bonne raison : <strong>notre m\u00e8re, l&rsquo;Eglise, nous le demande<\/strong> ! Nous avons d\u00e9j\u00e0 vu que l&rsquo;<a href=\"http:\/\/www.hommes-adorateurs.fr\/la-vertu-est-lelement-clef-de-la-virilite\/\">acquisition des vertus est l&rsquo;\u00e9l\u00e9ment clef de la virilit\u00e9<\/a>, l&rsquo;ob\u00e9issance en est une !<\/p>\n<p>La\u00a0Messe est le<strong> sacrifice du Corps et du Sang de J\u00e9sus-Christ<\/strong>, offert sur nos autels sous les esp\u00e8ces du pain et du vin en souvenir du sacrifice de la Croix. Notre Dieu est sacrifi\u00e9 sur l&rsquo;autel, et nous pourrions ne pas \u00eatre l\u00e0 ? Nous qui sommes appel\u00e9s \u00e0 l&rsquo;h\u00e9ro\u00efsme, \u00e0 la noblesse d&rsquo;\u00e2me, pourrions nous vaquer \u00e0 d&rsquo;<span style=\"line-height: 1.5em;\">autres<\/span><span style=\"line-height: 1.5em;\">\u00a0<\/span><span style=\"line-height: 1.5em;\">occupations ?<\/span><\/p>\n<p>Durant la Sainte Messe, que\u00a0J\u00e9sus-Christ a lui-m\u00eame institu\u00e9, nous sommes unis au pr\u00eatre afin d&rsquo;offrir\u00a0\u00e0 Dieu le sacrifice pour quatre fins\u00a0:<\/p>\n<ol>\n<li>lui <strong>rendre l\u2019honneur qui lui est d\u00fb<\/strong>, et \u00e0 ce point de vue le sacrifice est <strong>latreutique\u00a0<\/strong>;<\/li>\n<li>le <strong>remercier de ses bienfaits<\/strong>, et \u00e0 ce point de vue le sacrifice est <strong>eucharistique\u00a0<\/strong>;<\/li>\n<li>l\u2019<strong>apaiser<\/strong>, lui donner la satisfaction due pour nos p\u00e9ch\u00e9s, soulager les \u00e2mes du purgatoire, et \u00e0 ce point de vue le sacrifice est <strong>propitiatoire\u00a0<\/strong>;<\/li>\n<li><strong>obtenir toutes les gr\u00e2ces qui nous sont n\u00e9cessaires<\/strong>, et \u00e0 ce point de vue le sacrifice est <strong>imp\u00e9tratoire<\/strong>.<\/li>\n<\/ol>\n<p>Ces quatre fins sont autant de bonnes raisons pour ob\u00e9ir, parfois h\u00e9ro\u00efquement, \u00e0 l&rsquo;Eglise.<\/p>\n<p>De plus, lorsque nous recevons dignement la tr\u00e8s sainte Eucharistie, voici\u00a0<span style=\"line-height: 1.5em;\">les principaux effets qu&rsquo;elle produit :<\/span><\/p>\n<ol>\n<li>elle <strong>conserve et accro\u00eet la vie de l\u2019\u00e2me qui est la gr\u00e2ce<\/strong>, comme la nourriture mat\u00e9rielle soutient et accro\u00eet la vie du corps\u00a0;<\/li>\n<li>elle <strong>remet les p\u00e9ch\u00e9s v\u00e9niels<\/strong> et <strong>pr\u00e9serve des p\u00e9ch\u00e9s mortels\u00a0<\/strong>;<\/li>\n<li>elle produit la<strong> consolation spirituelle<\/strong>.<\/li>\n<\/ol>\n<p>Mais \u00e9galement :<\/p>\n<ol>\n<li>elle<strong> affaiblit nos passions<\/strong> et, en particulier, elle <strong>amortit<\/strong> en nous le<strong> feu de la concupiscence<\/strong>\u00a0;<\/li>\n<li>elle <strong>accro\u00eet en nous la ferveur<\/strong> et nous<strong> aide \u00e0 agir en conformit\u00e9 avec les d\u00e9sirs de J\u00e9sus-Christ<\/strong>\u00a0;<\/li>\n<li>elle nous donne un <strong>gage de la gloire future<\/strong> et de la <strong>r\u00e9surrection de notre corps<\/strong>.<\/li>\n<\/ol>\n<p>Alors, pour \u00eatre de vrais hommes, comment pourrions nous nous passer de la Sainte Messe ?<\/p>\n<p><em>Source :\u00a0Le grand cat\u00e9chisme de St Pie X<\/em><\/p>\n","protected":false},"excerpt":{"rendered":"<p>Quelle joie une fois encore d&rsquo;avoir pu d&rsquo;aller ce dimanche \u00e0 la messe, de la vivre pour la Gloire de Dieu et le Salut du monde et de nous y retrouver en fr\u00e8res (cf. photo ci-jointe), mais cela est-il optionnel pour un catholique ? Non, ce n&rsquo;est pas optionnel, mais indispensable. Il n&rsquo;est pas envisageable &hellip;<\/p>\n","protected":false},"author":2,"featured_media":240,"comment_status":"open","ping_status":"open","sticky":false,"template":"","format":"standard","meta":{"footnotes":""},"categories":[6],"tags":[],"class_list":["post-238","post","type-post","status-publish","format-standard","has-post-thumbnail","hentry","category-articles"],"yoast_head":"<!-- This site is optimized with the Yoast SEO plugin v27.1.1 - https:\/\/yoast.com\/product\/yoast-seo-wordpress\/ -->\n<title>Le dimanche \u00e0 la messe ! - Les hommes-adorateurs<\/title>\n<meta name=\"description\" content=\"Quelle joie une fois encore d&#039;avoir pu d&#039;aller ce dimanche \u00e0 la messe, de la vivre pour la Gloire de Dieu et le Salut du monde et de nous y retrouver en\" \/>\n<meta name=\"robots\" content=\"index, follow, max-snippet:-1, max-image-preview:large, max-video-preview:-1\" \/>\n<link rel=\"canonical\" href=\"https:\/\/www.hommes-adorateurs.fr\/?p=238\" \/>\n<meta property=\"og:locale\" content=\"fr_FR\" \/>\n<meta property=\"og:type\" content=\"article\" \/>\n<meta property=\"og:title\" content=\"Le dimanche \u00e0 la messe ! - Les hommes-adorateurs\" \/>\n<meta property=\"og:description\" content=\"Quelle joie une fois encore d&#039;avoir pu d&#039;aller ce dimanche \u00e0 la messe, de la vivre pour la Gloire de Dieu et le Salut du monde et de nous y retrouver en\" \/>\n<meta property=\"og:url\" content=\"https:\/\/www.hommes-adorateurs.fr\/?p=238\" \/>\n<meta property=\"og:site_name\" content=\"Les hommes-adorateurs\" \/>\n<meta property=\"article:published_time\" content=\"2013-12-15T18:42:15+00:00\" \/>\n<meta property=\"article:modified_time\" content=\"2013-12-15T20:03:30+00:00\" \/>\n<meta property=\"og:image\" content=\"https:\/\/www.hommes-adorateurs.fr\/wp-content\/uploads\/2013\/12\/photo-1.jpg\" \/>\n\t<meta property=\"og:image:width\" content=\"1958\" \/>\n\t<meta property=\"og:image:height\" content=\"1469\" \/>\n\t<meta property=\"og:image:type\" content=\"image\/jpeg\" \/>\n<meta name=\"author\" content=\"Gr\u00e9gory\" \/>\n<meta name=\"twitter:card\" content=\"summary_large_image\" \/>\n<meta name=\"twitter:label1\" content=\"\u00c9crit par\" \/>\n\t<meta name=\"twitter:data1\" content=\"Gr\u00e9gory\" \/>\n\t<meta name=\"twitter:label2\" content=\"Dur\u00e9e de lecture estim\u00e9e\" \/>\n\t<meta name=\"twitter:data2\" content=\"2 minutes\" \/>\n<script type=\"application\/ld+json\" class=\"yoast-schema-graph\">{\"@context\":\"https:\/\/schema.org\",\"@graph\":[{\"@type\":\"Article\",\"@id\":\"https:\/\/www.hommes-adorateurs.fr\/?p=238#article\",\"isPartOf\":{\"@id\":\"https:\/\/www.hommes-adorateurs.fr\/?p=238\"},\"author\":{\"name\":\"Gr\u00e9gory\",\"@id\":\"https:\/\/www.hommes-adorateurs.fr\/#\/schema\/person\/a3d3d8f5ed91b6bf7f1deb55926b625a\"},\"headline\":\"Le dimanche \u00e0 la messe !\",\"datePublished\":\"2013-12-15T18:42:15+00:00\",\"dateModified\":\"2013-12-15T20:03:30+00:00\",\"mainEntityOfPage\":{\"@id\":\"https:\/\/www.hommes-adorateurs.fr\/?p=238\"},\"wordCount\":451,\"commentCount\":1,\"image\":{\"@id\":\"https:\/\/www.hommes-adorateurs.fr\/?p=238#primaryimage\"},\"thumbnailUrl\":\"https:\/\/www.hommes-adorateurs.fr\/wp-content\/uploads\/2013\/12\/photo-1.jpg\",\"articleSection\":[\"Articles\"],\"inLanguage\":\"fr-FR\",\"potentialAction\":[{\"@type\":\"CommentAction\",\"name\":\"Comment\",\"target\":[\"https:\/\/www.hommes-adorateurs.fr\/?p=238#respond\"]}]},{\"@type\":\"WebPage\",\"@id\":\"https:\/\/www.hommes-adorateurs.fr\/?p=238\",\"url\":\"https:\/\/www.hommes-adorateurs.fr\/?p=238\",\"name\":\"Le dimanche \u00e0 la messe ! - Les hommes-adorateurs\",\"isPartOf\":{\"@id\":\"https:\/\/www.hommes-adorateurs.fr\/#website\"},\"primaryImageOfPage\":{\"@id\":\"https:\/\/www.hommes-adorateurs.fr\/?p=238#primaryimage\"},\"image\":{\"@id\":\"https:\/\/www.hommes-adorateurs.fr\/?p=238#primaryimage\"},\"thumbnailUrl\":\"https:\/\/www.hommes-adorateurs.fr\/wp-content\/uploads\/2013\/12\/photo-1.jpg\",\"datePublished\":\"2013-12-15T18:42:15+00:00\",\"dateModified\":\"2013-12-15T20:03:30+00:00\",\"author\":{\"@id\":\"https:\/\/www.hommes-adorateurs.fr\/#\/schema\/person\/a3d3d8f5ed91b6bf7f1deb55926b625a\"},\"description\":\"Quelle joie une fois encore d'avoir pu d'aller ce dimanche \u00e0 la messe, de la vivre pour la Gloire de Dieu et le Salut du monde et de nous y retrouver en\",\"breadcrumb\":{\"@id\":\"https:\/\/www.hommes-adorateurs.fr\/?p=238#breadcrumb\"},\"inLanguage\":\"fr-FR\",\"potentialAction\":[{\"@type\":\"ReadAction\",\"target\":[\"https:\/\/www.hommes-adorateurs.fr\/?p=238\"]}]},{\"@type\":\"ImageObject\",\"inLanguage\":\"fr-FR\",\"@id\":\"https:\/\/www.hommes-adorateurs.fr\/?p=238#primaryimage\",\"url\":\"https:\/\/www.hommes-adorateurs.fr\/wp-content\/uploads\/2013\/12\/photo-1.jpg\",\"contentUrl\":\"https:\/\/www.hommes-adorateurs.fr\/wp-content\/uploads\/2013\/12\/photo-1.jpg\",\"width\":1958,\"height\":1469},{\"@type\":\"BreadcrumbList\",\"@id\":\"https:\/\/www.hommes-adorateurs.fr\/?p=238#breadcrumb\",\"itemListElement\":[{\"@type\":\"ListItem\",\"position\":1,\"name\":\"Accueil\",\"item\":\"https:\/\/www.hommes-adorateurs.fr\/\"},{\"@type\":\"ListItem\",\"position\":2,\"name\":\"Le dimanche \u00e0 la messe !\"}]},{\"@type\":\"WebSite\",\"@id\":\"https:\/\/www.hommes-adorateurs.fr\/#website\",\"url\":\"https:\/\/www.hommes-adorateurs.fr\/\",\"name\":\"Les hommes-adorateurs\",\"description\":\"Un saint est un homme avant d\u2019\u00eatre un saint. Un saint peut na\u00eetre en toute sorte d\u2019homme.  Gilbert Keith Chesterton\",\"potentialAction\":[{\"@type\":\"SearchAction\",\"target\":{\"@type\":\"EntryPoint\",\"urlTemplate\":\"https:\/\/www.hommes-adorateurs.fr\/?s={search_term_string}\"},\"query-input\":{\"@type\":\"PropertyValueSpecification\",\"valueRequired\":true,\"valueName\":\"search_term_string\"}}],\"inLanguage\":\"fr-FR\"},{\"@type\":\"Person\",\"@id\":\"https:\/\/www.hommes-adorateurs.fr\/#\/schema\/person\/a3d3d8f5ed91b6bf7f1deb55926b625a\",\"name\":\"Gr\u00e9gory\",\"image\":{\"@type\":\"ImageObject\",\"inLanguage\":\"fr-FR\",\"@id\":\"https:\/\/www.hommes-adorateurs.fr\/#\/schema\/person\/image\/\",\"url\":\"https:\/\/secure.gravatar.com\/avatar\/8a2d5be3467ed460a507b5e187731ee898691d21c11235bdf2801e61e2129363?s=96&d=mm&r=g\",\"contentUrl\":\"https:\/\/secure.gravatar.com\/avatar\/8a2d5be3467ed460a507b5e187731ee898691d21c11235bdf2801e61e2129363?s=96&d=mm&r=g\",\"caption\":\"Gr\u00e9gory\"},\"sameAs\":[\"http:\/\/www.hommes-adorateurs.fr\/\"],\"url\":\"https:\/\/www.hommes-adorateurs.fr\/?author=2\"}]}<\/script>\n<!-- \/ Yoast SEO plugin. -->","yoast_head_json":{"title":"Le dimanche \u00e0 la messe ! - Les hommes-adorateurs","description":"Quelle joie une fois encore d'avoir pu d'aller ce dimanche \u00e0 la messe, de la vivre pour la Gloire de Dieu et le Salut du monde et de nous y retrouver en","robots":{"index":"index","follow":"follow","max-snippet":"max-snippet:-1","max-image-preview":"max-image-preview:large","max-video-preview":"max-video-preview:-1"},"canonical":"https:\/\/www.hommes-adorateurs.fr\/?p=238","og_locale":"fr_FR","og_type":"article","og_title":"Le dimanche \u00e0 la messe ! - Les hommes-adorateurs","og_description":"Quelle joie une fois encore d'avoir pu d'aller ce dimanche \u00e0 la messe, de la vivre pour la Gloire de Dieu et le Salut du monde et de nous y retrouver en","og_url":"https:\/\/www.hommes-adorateurs.fr\/?p=238","og_site_name":"Les hommes-adorateurs","article_published_time":"2013-12-15T18:42:15+00:00","article_modified_time":"2013-12-15T20:03:30+00:00","og_image":[{"width":1958,"height":1469,"url":"https:\/\/www.hommes-adorateurs.fr\/wp-content\/uploads\/2013\/12\/photo-1.jpg","type":"image\/jpeg"}],"author":"Gr\u00e9gory","twitter_card":"summary_large_image","twitter_misc":{"\u00c9crit par":"Gr\u00e9gory","Dur\u00e9e de lecture estim\u00e9e":"2 minutes"},"schema":{"@context":"https:\/\/schema.org","@graph":[{"@type":"Article","@id":"https:\/\/www.hommes-adorateurs.fr\/?p=238#article","isPartOf":{"@id":"https:\/\/www.hommes-adorateurs.fr\/?p=238"},"author":{"name":"Gr\u00e9gory","@id":"https:\/\/www.hommes-adorateurs.fr\/#\/schema\/person\/a3d3d8f5ed91b6bf7f1deb55926b625a"},"headline":"Le dimanche \u00e0 la messe !","datePublished":"2013-12-15T18:42:15+00:00","dateModified":"2013-12-15T20:03:30+00:00","mainEntityOfPage":{"@id":"https:\/\/www.hommes-adorateurs.fr\/?p=238"},"wordCount":451,"commentCount":1,"image":{"@id":"https:\/\/www.hommes-adorateurs.fr\/?p=238#primaryimage"},"thumbnailUrl":"https:\/\/www.hommes-adorateurs.fr\/wp-content\/uploads\/2013\/12\/photo-1.jpg","articleSection":["Articles"],"inLanguage":"fr-FR","potentialAction":[{"@type":"CommentAction","name":"Comment","target":["https:\/\/www.hommes-adorateurs.fr\/?p=238#respond"]}]},{"@type":"WebPage","@id":"https:\/\/www.hommes-adorateurs.fr\/?p=238","url":"https:\/\/www.hommes-adorateurs.fr\/?p=238","name":"Le dimanche \u00e0 la messe ! - Les hommes-adorateurs","isPartOf":{"@id":"https:\/\/www.hommes-adorateurs.fr\/#website"},"primaryImageOfPage":{"@id":"https:\/\/www.hommes-adorateurs.fr\/?p=238#primaryimage"},"image":{"@id":"https:\/\/www.hommes-adorateurs.fr\/?p=238#primaryimage"},"thumbnailUrl":"https:\/\/www.hommes-adorateurs.fr\/wp-content\/uploads\/2013\/12\/photo-1.jpg","datePublished":"2013-12-15T18:42:15+00:00","dateModified":"2013-12-15T20:03:30+00:00","author":{"@id":"https:\/\/www.hommes-adorateurs.fr\/#\/schema\/person\/a3d3d8f5ed91b6bf7f1deb55926b625a"},"description":"Quelle joie une fois encore d'avoir pu d'aller ce dimanche \u00e0 la messe, de la vivre pour la Gloire de Dieu et le Salut du monde et de nous y retrouver en","breadcrumb":{"@id":"https:\/\/www.hommes-adorateurs.fr\/?p=238#breadcrumb"},"inLanguage":"fr-FR","potentialAction":[{"@type":"ReadAction","target":["https:\/\/www.hommes-adorateurs.fr\/?p=238"]}]},{"@type":"ImageObject","inLanguage":"fr-FR","@id":"https:\/\/www.hommes-adorateurs.fr\/?p=238#primaryimage","url":"https:\/\/www.hommes-adorateurs.fr\/wp-content\/uploads\/2013\/12\/photo-1.jpg","contentUrl":"https:\/\/www.hommes-adorateurs.fr\/wp-content\/uploads\/2013\/12\/photo-1.jpg","width":1958,"height":1469},{"@type":"BreadcrumbList","@id":"https:\/\/www.hommes-adorateurs.fr\/?p=238#breadcrumb","itemListElement":[{"@type":"ListItem","position":1,"name":"Accueil","item":"https:\/\/www.hommes-adorateurs.fr\/"},{"@type":"ListItem","position":2,"name":"Le dimanche \u00e0 la messe !"}]},{"@type":"WebSite","@id":"https:\/\/www.hommes-adorateurs.fr\/#website","url":"https:\/\/www.hommes-adorateurs.fr\/","name":"Les hommes-adorateurs","description":"Un saint est un homme avant d\u2019\u00eatre un saint. Un saint peut na\u00eetre en toute sorte d\u2019homme.  Gilbert Keith Chesterton","potentialAction":[{"@type":"SearchAction","target":{"@type":"EntryPoint","urlTemplate":"https:\/\/www.hommes-adorateurs.fr\/?s={search_term_string}"},"query-input":{"@type":"PropertyValueSpecification","valueRequired":true,"valueName":"search_term_string"}}],"inLanguage":"fr-FR"},{"@type":"Person","@id":"https:\/\/www.hommes-adorateurs.fr\/#\/schema\/person\/a3d3d8f5ed91b6bf7f1deb55926b625a","name":"Gr\u00e9gory","image":{"@type":"ImageObject","inLanguage":"fr-FR","@id":"https:\/\/www.hommes-adorateurs.fr\/#\/schema\/person\/image\/","url":"https:\/\/secure.gravatar.com\/avatar\/8a2d5be3467ed460a507b5e187731ee898691d21c11235bdf2801e61e2129363?s=96&d=mm&r=g","contentUrl":"https:\/\/secure.gravatar.com\/avatar\/8a2d5be3467ed460a507b5e187731ee898691d21c11235bdf2801e61e2129363?s=96&d=mm&r=g","caption":"Gr\u00e9gory"},"sameAs":["http:\/\/www.hommes-adorateurs.fr\/"],"url":"https:\/\/www.hommes-adorateurs.fr\/?author=2"}]}},"_links":{"self":[{"href":"https:\/\/www.hommes-adorateurs.fr\/index.php?rest_route=\/wp\/v2\/posts\/238","targetHints":{"allow":["GET"]}}],"collection":[{"href":"https:\/\/www.hommes-adorateurs.fr\/index.php?rest_route=\/wp\/v2\/posts"}],"about":[{"href":"https:\/\/www.hommes-adorateurs.fr\/index.php?rest_route=\/wp\/v2\/types\/post"}],"author":[{"embeddable":true,"href":"https:\/\/www.hommes-adorateurs.fr\/index.php?rest_route=\/wp\/v2\/users\/2"}],"replies":[{"embeddable":true,"href":"https:\/\/www.hommes-adorateurs.fr\/index.php?rest_route=%2Fwp%2Fv2%2Fcomments&post=238"}],"version-history":[{"count":5,"href":"https:\/\/www.hommes-adorateurs.fr\/index.php?rest_route=\/wp\/v2\/posts\/238\/revisions"}],"predecessor-version":[{"id":247,"href":"https:\/\/www.hommes-adorateurs.fr\/index.php?rest_route=\/wp\/v2\/posts\/238\/revisions\/247"}],"wp:featuredmedia":[{"embeddable":true,"href":"https:\/\/www.hommes-adorateurs.fr\/index.php?rest_route=\/wp\/v2\/media\/240"}],"wp:attachment":[{"href":"https:\/\/www.hommes-adorateurs.fr\/index.php?rest_route=%2Fwp%2Fv2%2Fmedia&parent=238"}],"wp:term":[{"taxonomy":"category","embeddable":true,"href":"https:\/\/www.hommes-adorateurs.fr\/index.php?rest_route=%2Fwp%2Fv2%2Fcategories&post=238"},{"taxonomy":"post_tag","embeddable":true,"href":"https:\/\/www.hommes-adorateurs.fr\/index.php?rest_route=%2Fwp%2Fv2%2Ftags&post=238"}],"curies":[{"name":"wp","href":"https:\/\/api.w.org\/{rel}","templated":true}]}}