{"id":450,"date":"2014-01-21T14:47:12","date_gmt":"2014-01-21T13:47:12","guid":{"rendered":"http:\/\/www.hommes-adorateurs.fr\/?p=450"},"modified":"2014-01-21T14:47:12","modified_gmt":"2014-01-21T13:47:12","slug":"les-parents-premiers-et-principaux-educateurs","status":"publish","type":"post","link":"https:\/\/www.hommes-adorateurs.fr\/?p=450","title":{"rendered":"Les parents premiers et principaux \u00e9ducateurs"},"content":{"rendered":"<p><em>Les Hommes-Adorateurs sont partenaires du colloque\u00a0<a href=\"http:\/\/colloque2014.wordpress.com\/\">\u00a0\u00bb Les parents, premiers et principaux \u00e9ducateurs \u00a0\u00bb <\/a>qui aura lieu au Cannet-des-Maures, le 1 f\u00e9vrier 2014.<\/em><\/p>\n<p><em>Pour illustrer la th\u00e9matique de ce colloque, nous vous invitons \u00e0 lire et \u00e0 m\u00e9diter cet extrait de l&rsquo;<a href=\"http:\/\/www.vatican.va\/holy_father\/pius_xi\/encyclicals\/documents\/hf_p-xi_enc_31121929_divini-illius-magistri_fr.html\">encyclique \u00ab\u00a0Divini illius Magistri\u00a0\u00bb<\/a>\u00a0de Pie XI, de 1929, sur l&rsquo;\u00e9ducation des enfants. Une fois n&rsquo;est pas coutume, il est un peu long, mais tr\u00e8s \u00e9difiant !<\/em><\/p>\n<div id=\"navigation\"><em><a href=\"http:\/\/www.hommes-adorateurs.fr\/wp-content\/uploads\/2014\/01\/Papst_Pius_XI.jpg\"><img loading=\"lazy\" decoding=\"async\" class=\" wp-image-452 alignleft\" alt=\"Pape Pie XI\" src=\"http:\/\/www.hommes-adorateurs.fr\/wp-content\/uploads\/2014\/01\/Papst_Pius_XI-226x300.jpg\" width=\"158\" height=\"210\" srcset=\"https:\/\/www.hommes-adorateurs.fr\/wp-content\/uploads\/2014\/01\/Papst_Pius_XI-226x300.jpg 226w, https:\/\/www.hommes-adorateurs.fr\/wp-content\/uploads\/2014\/01\/Papst_Pius_XI-771x1024.jpg 771w, https:\/\/www.hommes-adorateurs.fr\/wp-content\/uploads\/2014\/01\/Papst_Pius_XI.jpg 1616w\" sizes=\"auto, (max-width: 158px) 100vw, 158px\" \/><\/a><\/em><span style=\"color: #000000; line-height: 1.5em;\">\u00a0\u00bb En premier lieu, la mission \u00e9ducatrice de la famille concorde admirablement avec celle de l&rsquo;Eglise, puisque toutes deux proc\u00e8dent de Dieu d&rsquo;une mani\u00e8re toute pareille. En effet, dans l&rsquo;ordre naturel, <strong>Dieu communique imm\u00e9diatement \u00e0 la famille la f\u00e9condit\u00e9<\/strong>, principe de vie, donc<strong> principe du droit de former \u00e0 la vie<\/strong>, en m\u00eame temps que <strong>l&rsquo;autorit\u00e9, principe d&rsquo;ordre<\/strong>.<\/span><\/p>\n<p align=\"justify\"><span style=\"color: #000000;\">Le Docteur ang\u00e9lique dit avec son habituelle clart\u00e9 de pens\u00e9e et sa pr\u00e9cision de style: <em>\u00a0\u00bb\u00a0Le p\u00e8re selon la chair participe d&rsquo;une mani\u00e8re particuli\u00e8re \u00e0 la notion de principe qui, dans son universalit\u00e9, se trouve en Dieu&#8230; Le p\u00e8re est principe de la g\u00e9n\u00e9ration, de l&rsquo;\u00e9ducation et de la discipline, et <strong>de tout ce qui se rapporte au perfectionnement de la vie humaine<\/strong>.\u00a0\u00ab\u00a0<\/em><sup><br \/>\n<\/sup><\/span><\/p>\n<p align=\"justify\"><span style=\"color: #000000;\">La famille re\u00e7oit donc imm\u00e9diatement du Cr\u00e9ateur la <strong>mission<\/strong> et cons\u00e9quemment le<strong> droit de donner l&rsquo;\u00e9ducation \u00e0 l&rsquo;enfant<\/strong>, droit inali\u00e9nable parce qu&rsquo;ins\u00e9parablement uni au strict devoir corr\u00e9latif, droit ant\u00e9rieur \u00e0 n&rsquo;importe quel droit de la soci\u00e9t\u00e9 civile et de l&rsquo;Etat, donc <strong>inviolable par quelque puissance terrestre que ce soit<\/strong>.<\/span><\/p>\n<p align=\"justify\"><span style=\"color: #000000;\">De cette inviolabilit\u00e9, le Docteur ang\u00e9lique donne la raison: <em>\u00a0\u00bb\u00a0Le fils, en effet, dit-il, est par nature quelque chose du p\u00e8re&#8230;; il s&rsquo;ensuit que, de droit naturel, le fils, avant l&rsquo;usage de la raison, est sous la garde de son p\u00e8re. Ce serait donc aller contre la justice naturelle si l&rsquo;enfant, avant l&rsquo;usage de la raison, \u00e9tait soustrait aux soins de ses parents ou si l&rsquo;on disposait de lui en quelque fa\u00e7on contre leur volont\u00e9.\u00a0\u00ab\u00a0<\/em>\u00a0Et puisque les parents ont l<strong>&lsquo;obligation de donner leurs soins<\/strong> \u00e0 l&rsquo;enfant jusqu&rsquo;\u00e0 ce que celui-ci soit en mesure de se suffire, il faut admettre qu&rsquo;ils conservent aussi longtemps le m\u00eame <strong>droit inviolable sur son \u00e9ducation.<\/strong> \u00ab\u00a0<em>\u00a0La nature, en effet, poursuit le Docteur ang\u00e9lique, ne vise pas seulement \u00e0 la g\u00e9n\u00e9ration de l&rsquo;enfant, mais aussi \u00e0 son d\u00e9veloppement et \u00e0 son progr\u00e8s pour <strong>l&rsquo;amener \u00e0 l&rsquo;\u00e9tat parfait de l&rsquo;homme en tant qu&rsquo;homme<\/strong>, <strong>c&rsquo;est-\u00e0-dire \u00e0 l&rsquo;\u00e9tat de vertu.<\/strong><\/em>\u00a0\u00ab\u00a0<\/span><span style=\"color: #000000; font-size: small;\"><br \/>\n<\/span><\/p>\n<p align=\"justify\"><span style=\"color: #000000;\">Partant, la sagesse juridique de l&rsquo;Eglise s&rsquo;exprime-t-elle sur ce sujet avec pr\u00e9cision, clart\u00e9 et enti\u00e8re pl\u00e9nitude de sens dans le Code du Droit canonique:<em> \u00a0\u00bb\u00a0Les parents ont la tr\u00e8s grave obligation de veiller, selon tout leur pouvoir, \u00e0 l&rsquo;\u00e9ducation tant religieuse et morale que physique et civique de leurs enfants; ils doivent aussi pourvoir \u00e0 leur bien temporel.\u00a0\u00ab\u00a0<\/em><sup><br \/>\n<\/sup><\/span><\/p>\n<p align=\"justify\"><span style=\"color: #000000;\"><strong>Le sens commun de tous les hommes est tellement unanime sur ce point<\/strong> que tous ceux qui osent soutenir que l&rsquo;enfant, avant d&rsquo;appartenir \u00e0 la famille, appartient \u00e0 l&rsquo;Etat, et que l&rsquo;Etat a sur l&rsquo;\u00e9ducation un droit absolu, se mettent en contradiction ouverte avec lui. D&rsquo;ailleurs, la raison que ceux-ci mettent en avant, \u00e0 savoir que l&rsquo;homme na\u00eet d&rsquo;abord citoyen et pour ce motif appartient d&rsquo;abord \u00e0 l&rsquo;\u00c9tat, est insoutenable. Ils ne r\u00e9fl\u00e9chissent pas, en effet, que<strong> l&rsquo;homme avant d&rsquo;\u00eatre citoyen doit exister, et que cette existence il ne la re\u00e7oit pas de l&rsquo;Etat, mais de ses parents<\/strong>. L\u00e9on XIII l&rsquo;a d\u00e9clar\u00e9 avec quelle sagesse\u00a0! <em>\u00a0\u00bb\u00a0Les fils sont quelque chose du p\u00e8re, comme une extension de la personne paternelle\u00a0; et, pour parler en toute exactitude, ils entrent dans la soci\u00e9t\u00e9 civile non par eux-m\u00eames imm\u00e9diatement, mais par l&rsquo;interm\u00e9diaire de la communaut\u00e9 domestique dans laquelle ils sont n\u00e9s.\u00a0\u00ab\u00a0<\/em>\u00a0Ainsi donc, dit encore L\u00e9on XIII dans la m\u00eame Encyclique, <em>\u00a0\u00bb\u00a0le pouvoir du p\u00e8re est de telle nature qu&rsquo;il ne peut \u00eatre ni supprim\u00e9 ni absorb\u00e9 par l&rsquo;Etat, parce qu&rsquo;il a avec la vie humaine elle-m\u00eame un principe commun\u00a0\u00ab\u00a0<\/em>. <strong>Il ne suit pas de l\u00e0 que le droit \u00e0 l&rsquo;\u00e9ducation des enfants soit chez les parents absolu ou arbitraire<\/strong>, car il reste ins\u00e9parablement <strong>subordonn\u00e9 \u00e0 la fin derni\u00e8re et \u00e0 la loi naturelle et divine<\/strong>, comme le d\u00e9clare L\u00e9on XIII encore dans une autre m\u00e9morable Encyclique sur \u00a0\u00bb\u00a0les principaux devoirs des citoyens\u00a0\u00ab\u00a0, o\u00f9 il donne en r\u00e9sum\u00e9 la Somme des droits et des devoirs des parents: \u00ab\u00a0<em>\u00a0De par la nature les parents ont le <strong>droit de former leurs enfants<\/strong>, mais ils ont en plus le <strong>devoir de mettre leur instruction et leur \u00e9ducation en parfait accord avec la fin pour laquelle ils les ont re\u00e7us par un bienfait de Dieu<\/strong>. Les parents doivent donc employer toutes leurs forces et une pers\u00e9v\u00e9rante \u00e9nergie \u00e0 repousser tout genre d&rsquo;injustice en cet ordre de choses, \u00e0 faire reconna\u00eetre, d&rsquo;une mani\u00e8re absolue, le <strong>droit qu&rsquo;ils ont d&rsquo;\u00e9lever leurs enfants chr\u00e9tiennement<\/strong>, comme c&rsquo;est leur devoir, et<strong> le droit surtout de les refuser \u00e0 ces \u00e9coles dans lesquelles il y a p\u00e9ril qu&rsquo;ils ne boivent le funeste poison de l&rsquo;impi\u00e9t\u00e9.<\/strong><\/em>\u00a0\u00ab\u00a0<sup><br \/>\n<\/sup><\/span><\/p>\n<p align=\"justify\"><span style=\"color: #000000;\"><a href=\"http:\/\/www.hommes-adorateurs.fr\/wp-content\/uploads\/2014\/01\/Papst_Pius_XI._Radio_Vatikan.jpg\"><img loading=\"lazy\" decoding=\"async\" class=\" wp-image-453 alignright\" alt=\"Pape Pie XI - Radio Vatican\" src=\"http:\/\/www.hommes-adorateurs.fr\/wp-content\/uploads\/2014\/01\/Papst_Pius_XI._Radio_Vatikan-300x245.jpg\" width=\"210\" height=\"172\" srcset=\"https:\/\/www.hommes-adorateurs.fr\/wp-content\/uploads\/2014\/01\/Papst_Pius_XI._Radio_Vatikan-300x245.jpg 300w, https:\/\/www.hommes-adorateurs.fr\/wp-content\/uploads\/2014\/01\/Papst_Pius_XI._Radio_Vatikan.jpg 734w\" sizes=\"auto, (max-width: 210px) 100vw, 210px\" \/><\/a>Qu&rsquo;on le remarque bien, ce devoir qu&rsquo;a la famille de donner l&rsquo;\u00e9ducation aux enfants comprend non seulement l&rsquo;\u00e9ducation religieuse et morale, mais encore l&rsquo;\u00e9ducation physique et civique, principalement en tant qu&rsquo;elle peut avoir rapport avec la religion et la morale.\u00a0Ce droit incontestable de la famille a \u00e9t\u00e9 plusieurs fois reconnu juridiquement par des nations qui ont souci de respecter le droit naturel dans leur organisation civile. Ainsi, pour citer un exemple parmi les plus r\u00e9cents, la Cour supr\u00eame de la R\u00e9publique des Etats-Unis de l&rsquo;Am\u00e9rique du Nord tranchait une tr\u00e8s grave controverse en d\u00e9clarant\u00a0: \u00ab\u00a0<em>\u00a0L&rsquo;Etat n&rsquo;a nullement le pouvoir g\u00e9n\u00e9ral d&rsquo;\u00e9tablir un type uniforme d&rsquo;\u00e9ducation pour la jeunesse, en la contraignant \u00e0 recevoir l&rsquo;instruction seulement dans les \u00e9coles publiques.\u00a0\u00ab\u00a0<\/em> Et elle en donne la raison de droit naturel: \u00ab\u00a0<em>\u00a0L&rsquo;enfant n&rsquo;est pas une simple cr\u00e9ature de l&rsquo;Etat\u00a0; ceux qui l&rsquo;\u00e9l\u00e8vent et le dirigent ont le droit et en m\u00eame temps l&rsquo;important <strong>devoir de le former<\/strong> et <strong>de le pr\u00e9parer \u00e0 l&rsquo;accomplissement de ses autres obligations.<\/strong>\u00a0<\/em>\u00ab\u00a0<sup><br \/>\n<\/sup><\/span><\/p>\n<p align=\"justify\"><span style=\"color: #000000;\">L&rsquo;histoire est l\u00e0 pour t\u00e9moigner comment, sp\u00e9cialement dans les temps modernes, des cas se sont pr\u00e9sent\u00e9s, et se pr\u00e9sentent encore, de <strong>violation par l&rsquo;Etat des droits que le Cr\u00e9ateur a conf\u00e9r\u00e9s \u00e0 la famille<\/strong>. Mais elle montre aussi splendidement comment l&rsquo;Eglise a toujours pris ces droits sous sa tutelle pour les d\u00e9fendre. La meilleure preuve en est la confiance sp\u00e9ciale des familles \u00e0 l&rsquo;\u00e9gard des \u00e9coles de l&rsquo;Eglise, comme Nous l&rsquo;\u00e9crivions dans Notre r\u00e9cente lettre au cardinal Secr\u00e9taire d&rsquo;Etat: \u00a0\u00bb\u00a0<em>La famille s&rsquo;est vite aper\u00e7ue de cet \u00e9tat de choses, et, depuis les premiers temps du christianisme jusqu&rsquo;\u00e0 nos jours, les parents, m\u00eame s&rsquo;ils sont peu ou point croyants, envoient et pr\u00e9sentent par millions leurs enfants aux instituts d&rsquo;\u00e9ducation fond\u00e9s et dirig\u00e9s par l&rsquo;Eglise.<\/em>\u00a0\u00ab\u00a0<sup><br \/>\n<\/sup><\/span><\/p>\n<p align=\"justify\"><span style=\"color: #000000;\">C&rsquo;est que l&rsquo;instinct paternel, qui vient de Dieu, se tourne avec confiance vers l&rsquo;Eglise, s\u00fbr d&rsquo;y trouver<strong> protection pour les droits de la famille<\/strong> et, en un mot, cette<strong> harmonie que Dieu a voulu mettre dans l&rsquo;ordre des choses<\/strong>. Et, en effet, bien que l&rsquo;Eglise, consciente comme elle l&rsquo;est de sa mission divine universelle et de l&rsquo;obligation qu&rsquo;ont tous les hommes de pratiquer l&rsquo;unique vraie religion, ne se lasse pas de revendiquer pour elle le droit et de rappeler aux parents <strong>leur devoir de faire baptiser<\/strong> et d&rsquo;<strong>\u00e9lever chr\u00e9tiennement les enfants de parents catholiques<\/strong>, elle reste cependant si jalouse de l<strong>&lsquo;inviolabilit\u00e9 du droit naturel de la famille en mati\u00e8re d&rsquo;\u00e9ducation<\/strong> qu&rsquo;elle ne consent pas, sinon sous des conditions et garanties d\u00e9termin\u00e9es, \u00e0 baptiser les enfants d&rsquo;infid\u00e8les ou \u00e0 <strong>disposer de leur \u00e9ducation de quelque mani\u00e8re que ce soit contre la volont\u00e9 de leurs parents<\/strong>, aussi longtemps que les enfants ne peuvent se d\u00e9terminer d&rsquo;eux-m\u00eames \u00e0 embrasser librement la foi.\u00a0\u00bb<\/span><\/p>\n<\/div>\n","protected":false},"excerpt":{"rendered":"<p>Les Hommes-Adorateurs sont partenaires du colloque\u00a0\u00a0\u00bb Les parents, premiers et principaux \u00e9ducateurs \u00a0\u00bb qui aura lieu au Cannet-des-Maures, le 1 f\u00e9vrier 2014. Pour illustrer la th\u00e9matique de ce colloque, nous vous invitons \u00e0 lire et \u00e0 m\u00e9diter cet extrait de l&rsquo;encyclique \u00ab\u00a0Divini illius Magistri\u00a0\u00bb\u00a0de Pie XI, de 1929, sur l&rsquo;\u00e9ducation des enfants. Une fois n&rsquo;est &hellip;<\/p>\n","protected":false},"author":2,"featured_media":451,"comment_status":"open","ping_status":"open","sticky":false,"template":"","format":"standard","meta":{"footnotes":""},"categories":[6],"tags":[],"class_list":["post-450","post","type-post","status-publish","format-standard","has-post-thumbnail","hentry","category-articles"],"yoast_head":"<!-- This site is optimized with the Yoast SEO plugin v27.1.1 - https:\/\/yoast.com\/product\/yoast-seo-wordpress\/ -->\n<title>Les parents premiers et principaux \u00e9ducateurs - Les hommes-adorateurs<\/title>\n<meta name=\"description\" content=\"Les Hommes-Adorateurs sont partenaires du colloque\u00a0&quot; Les parents, premiers et principaux \u00e9ducateurs &quot; qui aura lieu au Cannet-des-Maures, le 1 f\u00e9vrier\" \/>\n<meta name=\"robots\" content=\"index, follow, max-snippet:-1, max-image-preview:large, max-video-preview:-1\" \/>\n<link rel=\"canonical\" href=\"https:\/\/www.hommes-adorateurs.fr\/?p=450\" \/>\n<meta property=\"og:locale\" content=\"fr_FR\" \/>\n<meta property=\"og:type\" content=\"article\" \/>\n<meta property=\"og:title\" content=\"Les parents premiers et principaux \u00e9ducateurs - Les hommes-adorateurs\" \/>\n<meta property=\"og:description\" content=\"Les Hommes-Adorateurs sont partenaires du colloque\u00a0&quot; Les parents, premiers et principaux \u00e9ducateurs &quot; qui aura lieu au Cannet-des-Maures, le 1 f\u00e9vrier\" \/>\n<meta property=\"og:url\" content=\"https:\/\/www.hommes-adorateurs.fr\/?p=450\" \/>\n<meta property=\"og:site_name\" content=\"Les hommes-adorateurs\" \/>\n<meta property=\"article:published_time\" content=\"2014-01-21T13:47:12+00:00\" \/>\n<meta property=\"og:image\" content=\"https:\/\/www.hommes-adorateurs.fr\/wp-content\/uploads\/2014\/01\/colloque-flyer.jpg\" \/>\n\t<meta property=\"og:image:width\" content=\"3626\" \/>\n\t<meta property=\"og:image:height\" content=\"5079\" \/>\n\t<meta property=\"og:image:type\" content=\"image\/jpeg\" \/>\n<meta name=\"author\" content=\"Gr\u00e9gory\" \/>\n<meta name=\"twitter:card\" content=\"summary_large_image\" \/>\n<meta name=\"twitter:label1\" content=\"\u00c9crit par\" \/>\n\t<meta name=\"twitter:data1\" content=\"Gr\u00e9gory\" \/>\n\t<meta name=\"twitter:label2\" content=\"Dur\u00e9e de lecture estim\u00e9e\" \/>\n\t<meta name=\"twitter:data2\" content=\"7 minutes\" \/>\n<script type=\"application\/ld+json\" class=\"yoast-schema-graph\">{\"@context\":\"https:\/\/schema.org\",\"@graph\":[{\"@type\":\"Article\",\"@id\":\"https:\/\/www.hommes-adorateurs.fr\/?p=450#article\",\"isPartOf\":{\"@id\":\"https:\/\/www.hommes-adorateurs.fr\/?p=450\"},\"author\":{\"name\":\"Gr\u00e9gory\",\"@id\":\"https:\/\/www.hommes-adorateurs.fr\/#\/schema\/person\/a3d3d8f5ed91b6bf7f1deb55926b625a\"},\"headline\":\"Les parents premiers et principaux \u00e9ducateurs\",\"datePublished\":\"2014-01-21T13:47:12+00:00\",\"mainEntityOfPage\":{\"@id\":\"https:\/\/www.hommes-adorateurs.fr\/?p=450\"},\"wordCount\":1437,\"commentCount\":0,\"image\":{\"@id\":\"https:\/\/www.hommes-adorateurs.fr\/?p=450#primaryimage\"},\"thumbnailUrl\":\"https:\/\/www.hommes-adorateurs.fr\/wp-content\/uploads\/2014\/01\/colloque-flyer.jpg\",\"articleSection\":[\"Articles\"],\"inLanguage\":\"fr-FR\",\"potentialAction\":[{\"@type\":\"CommentAction\",\"name\":\"Comment\",\"target\":[\"https:\/\/www.hommes-adorateurs.fr\/?p=450#respond\"]}]},{\"@type\":\"WebPage\",\"@id\":\"https:\/\/www.hommes-adorateurs.fr\/?p=450\",\"url\":\"https:\/\/www.hommes-adorateurs.fr\/?p=450\",\"name\":\"Les parents premiers et principaux \u00e9ducateurs - Les hommes-adorateurs\",\"isPartOf\":{\"@id\":\"https:\/\/www.hommes-adorateurs.fr\/#website\"},\"primaryImageOfPage\":{\"@id\":\"https:\/\/www.hommes-adorateurs.fr\/?p=450#primaryimage\"},\"image\":{\"@id\":\"https:\/\/www.hommes-adorateurs.fr\/?p=450#primaryimage\"},\"thumbnailUrl\":\"https:\/\/www.hommes-adorateurs.fr\/wp-content\/uploads\/2014\/01\/colloque-flyer.jpg\",\"datePublished\":\"2014-01-21T13:47:12+00:00\",\"author\":{\"@id\":\"https:\/\/www.hommes-adorateurs.fr\/#\/schema\/person\/a3d3d8f5ed91b6bf7f1deb55926b625a\"},\"description\":\"Les Hommes-Adorateurs sont partenaires du colloque\u00a0\\\" Les parents, premiers et principaux \u00e9ducateurs \\\" qui aura lieu au Cannet-des-Maures, le 1 f\u00e9vrier\",\"breadcrumb\":{\"@id\":\"https:\/\/www.hommes-adorateurs.fr\/?p=450#breadcrumb\"},\"inLanguage\":\"fr-FR\",\"potentialAction\":[{\"@type\":\"ReadAction\",\"target\":[\"https:\/\/www.hommes-adorateurs.fr\/?p=450\"]}]},{\"@type\":\"ImageObject\",\"inLanguage\":\"fr-FR\",\"@id\":\"https:\/\/www.hommes-adorateurs.fr\/?p=450#primaryimage\",\"url\":\"https:\/\/www.hommes-adorateurs.fr\/wp-content\/uploads\/2014\/01\/colloque-flyer.jpg\",\"contentUrl\":\"https:\/\/www.hommes-adorateurs.fr\/wp-content\/uploads\/2014\/01\/colloque-flyer.jpg\",\"width\":3626,\"height\":5079},{\"@type\":\"BreadcrumbList\",\"@id\":\"https:\/\/www.hommes-adorateurs.fr\/?p=450#breadcrumb\",\"itemListElement\":[{\"@type\":\"ListItem\",\"position\":1,\"name\":\"Accueil\",\"item\":\"https:\/\/www.hommes-adorateurs.fr\/\"},{\"@type\":\"ListItem\",\"position\":2,\"name\":\"Les parents premiers et principaux \u00e9ducateurs\"}]},{\"@type\":\"WebSite\",\"@id\":\"https:\/\/www.hommes-adorateurs.fr\/#website\",\"url\":\"https:\/\/www.hommes-adorateurs.fr\/\",\"name\":\"Les hommes-adorateurs\",\"description\":\"Un saint est un homme avant d\u2019\u00eatre un saint. Un saint peut na\u00eetre en toute sorte d\u2019homme.  Gilbert Keith Chesterton\",\"potentialAction\":[{\"@type\":\"SearchAction\",\"target\":{\"@type\":\"EntryPoint\",\"urlTemplate\":\"https:\/\/www.hommes-adorateurs.fr\/?s={search_term_string}\"},\"query-input\":{\"@type\":\"PropertyValueSpecification\",\"valueRequired\":true,\"valueName\":\"search_term_string\"}}],\"inLanguage\":\"fr-FR\"},{\"@type\":\"Person\",\"@id\":\"https:\/\/www.hommes-adorateurs.fr\/#\/schema\/person\/a3d3d8f5ed91b6bf7f1deb55926b625a\",\"name\":\"Gr\u00e9gory\",\"image\":{\"@type\":\"ImageObject\",\"inLanguage\":\"fr-FR\",\"@id\":\"https:\/\/www.hommes-adorateurs.fr\/#\/schema\/person\/image\/\",\"url\":\"https:\/\/secure.gravatar.com\/avatar\/8a2d5be3467ed460a507b5e187731ee898691d21c11235bdf2801e61e2129363?s=96&d=mm&r=g\",\"contentUrl\":\"https:\/\/secure.gravatar.com\/avatar\/8a2d5be3467ed460a507b5e187731ee898691d21c11235bdf2801e61e2129363?s=96&d=mm&r=g\",\"caption\":\"Gr\u00e9gory\"},\"sameAs\":[\"http:\/\/www.hommes-adorateurs.fr\/\"],\"url\":\"https:\/\/www.hommes-adorateurs.fr\/?author=2\"}]}<\/script>\n<!-- \/ Yoast SEO plugin. -->","yoast_head_json":{"title":"Les parents premiers et principaux \u00e9ducateurs - Les hommes-adorateurs","description":"Les Hommes-Adorateurs sont partenaires du colloque\u00a0\" Les parents, premiers et principaux \u00e9ducateurs \" qui aura lieu au Cannet-des-Maures, le 1 f\u00e9vrier","robots":{"index":"index","follow":"follow","max-snippet":"max-snippet:-1","max-image-preview":"max-image-preview:large","max-video-preview":"max-video-preview:-1"},"canonical":"https:\/\/www.hommes-adorateurs.fr\/?p=450","og_locale":"fr_FR","og_type":"article","og_title":"Les parents premiers et principaux \u00e9ducateurs - Les hommes-adorateurs","og_description":"Les Hommes-Adorateurs sont partenaires du colloque\u00a0\" Les parents, premiers et principaux \u00e9ducateurs \" qui aura lieu au Cannet-des-Maures, le 1 f\u00e9vrier","og_url":"https:\/\/www.hommes-adorateurs.fr\/?p=450","og_site_name":"Les hommes-adorateurs","article_published_time":"2014-01-21T13:47:12+00:00","og_image":[{"width":3626,"height":5079,"url":"https:\/\/www.hommes-adorateurs.fr\/wp-content\/uploads\/2014\/01\/colloque-flyer.jpg","type":"image\/jpeg"}],"author":"Gr\u00e9gory","twitter_card":"summary_large_image","twitter_misc":{"\u00c9crit par":"Gr\u00e9gory","Dur\u00e9e de lecture estim\u00e9e":"7 minutes"},"schema":{"@context":"https:\/\/schema.org","@graph":[{"@type":"Article","@id":"https:\/\/www.hommes-adorateurs.fr\/?p=450#article","isPartOf":{"@id":"https:\/\/www.hommes-adorateurs.fr\/?p=450"},"author":{"name":"Gr\u00e9gory","@id":"https:\/\/www.hommes-adorateurs.fr\/#\/schema\/person\/a3d3d8f5ed91b6bf7f1deb55926b625a"},"headline":"Les parents premiers et principaux \u00e9ducateurs","datePublished":"2014-01-21T13:47:12+00:00","mainEntityOfPage":{"@id":"https:\/\/www.hommes-adorateurs.fr\/?p=450"},"wordCount":1437,"commentCount":0,"image":{"@id":"https:\/\/www.hommes-adorateurs.fr\/?p=450#primaryimage"},"thumbnailUrl":"https:\/\/www.hommes-adorateurs.fr\/wp-content\/uploads\/2014\/01\/colloque-flyer.jpg","articleSection":["Articles"],"inLanguage":"fr-FR","potentialAction":[{"@type":"CommentAction","name":"Comment","target":["https:\/\/www.hommes-adorateurs.fr\/?p=450#respond"]}]},{"@type":"WebPage","@id":"https:\/\/www.hommes-adorateurs.fr\/?p=450","url":"https:\/\/www.hommes-adorateurs.fr\/?p=450","name":"Les parents premiers et principaux \u00e9ducateurs - Les hommes-adorateurs","isPartOf":{"@id":"https:\/\/www.hommes-adorateurs.fr\/#website"},"primaryImageOfPage":{"@id":"https:\/\/www.hommes-adorateurs.fr\/?p=450#primaryimage"},"image":{"@id":"https:\/\/www.hommes-adorateurs.fr\/?p=450#primaryimage"},"thumbnailUrl":"https:\/\/www.hommes-adorateurs.fr\/wp-content\/uploads\/2014\/01\/colloque-flyer.jpg","datePublished":"2014-01-21T13:47:12+00:00","author":{"@id":"https:\/\/www.hommes-adorateurs.fr\/#\/schema\/person\/a3d3d8f5ed91b6bf7f1deb55926b625a"},"description":"Les Hommes-Adorateurs sont partenaires du colloque\u00a0\" Les parents, premiers et principaux \u00e9ducateurs \" qui aura lieu au Cannet-des-Maures, le 1 f\u00e9vrier","breadcrumb":{"@id":"https:\/\/www.hommes-adorateurs.fr\/?p=450#breadcrumb"},"inLanguage":"fr-FR","potentialAction":[{"@type":"ReadAction","target":["https:\/\/www.hommes-adorateurs.fr\/?p=450"]}]},{"@type":"ImageObject","inLanguage":"fr-FR","@id":"https:\/\/www.hommes-adorateurs.fr\/?p=450#primaryimage","url":"https:\/\/www.hommes-adorateurs.fr\/wp-content\/uploads\/2014\/01\/colloque-flyer.jpg","contentUrl":"https:\/\/www.hommes-adorateurs.fr\/wp-content\/uploads\/2014\/01\/colloque-flyer.jpg","width":3626,"height":5079},{"@type":"BreadcrumbList","@id":"https:\/\/www.hommes-adorateurs.fr\/?p=450#breadcrumb","itemListElement":[{"@type":"ListItem","position":1,"name":"Accueil","item":"https:\/\/www.hommes-adorateurs.fr\/"},{"@type":"ListItem","position":2,"name":"Les parents premiers et principaux \u00e9ducateurs"}]},{"@type":"WebSite","@id":"https:\/\/www.hommes-adorateurs.fr\/#website","url":"https:\/\/www.hommes-adorateurs.fr\/","name":"Les hommes-adorateurs","description":"Un saint est un homme avant d\u2019\u00eatre un saint. Un saint peut na\u00eetre en toute sorte d\u2019homme.  Gilbert Keith Chesterton","potentialAction":[{"@type":"SearchAction","target":{"@type":"EntryPoint","urlTemplate":"https:\/\/www.hommes-adorateurs.fr\/?s={search_term_string}"},"query-input":{"@type":"PropertyValueSpecification","valueRequired":true,"valueName":"search_term_string"}}],"inLanguage":"fr-FR"},{"@type":"Person","@id":"https:\/\/www.hommes-adorateurs.fr\/#\/schema\/person\/a3d3d8f5ed91b6bf7f1deb55926b625a","name":"Gr\u00e9gory","image":{"@type":"ImageObject","inLanguage":"fr-FR","@id":"https:\/\/www.hommes-adorateurs.fr\/#\/schema\/person\/image\/","url":"https:\/\/secure.gravatar.com\/avatar\/8a2d5be3467ed460a507b5e187731ee898691d21c11235bdf2801e61e2129363?s=96&d=mm&r=g","contentUrl":"https:\/\/secure.gravatar.com\/avatar\/8a2d5be3467ed460a507b5e187731ee898691d21c11235bdf2801e61e2129363?s=96&d=mm&r=g","caption":"Gr\u00e9gory"},"sameAs":["http:\/\/www.hommes-adorateurs.fr\/"],"url":"https:\/\/www.hommes-adorateurs.fr\/?author=2"}]}},"_links":{"self":[{"href":"https:\/\/www.hommes-adorateurs.fr\/index.php?rest_route=\/wp\/v2\/posts\/450","targetHints":{"allow":["GET"]}}],"collection":[{"href":"https:\/\/www.hommes-adorateurs.fr\/index.php?rest_route=\/wp\/v2\/posts"}],"about":[{"href":"https:\/\/www.hommes-adorateurs.fr\/index.php?rest_route=\/wp\/v2\/types\/post"}],"author":[{"embeddable":true,"href":"https:\/\/www.hommes-adorateurs.fr\/index.php?rest_route=\/wp\/v2\/users\/2"}],"replies":[{"embeddable":true,"href":"https:\/\/www.hommes-adorateurs.fr\/index.php?rest_route=%2Fwp%2Fv2%2Fcomments&post=450"}],"version-history":[{"count":1,"href":"https:\/\/www.hommes-adorateurs.fr\/index.php?rest_route=\/wp\/v2\/posts\/450\/revisions"}],"predecessor-version":[{"id":454,"href":"https:\/\/www.hommes-adorateurs.fr\/index.php?rest_route=\/wp\/v2\/posts\/450\/revisions\/454"}],"wp:featuredmedia":[{"embeddable":true,"href":"https:\/\/www.hommes-adorateurs.fr\/index.php?rest_route=\/wp\/v2\/media\/451"}],"wp:attachment":[{"href":"https:\/\/www.hommes-adorateurs.fr\/index.php?rest_route=%2Fwp%2Fv2%2Fmedia&parent=450"}],"wp:term":[{"taxonomy":"category","embeddable":true,"href":"https:\/\/www.hommes-adorateurs.fr\/index.php?rest_route=%2Fwp%2Fv2%2Fcategories&post=450"},{"taxonomy":"post_tag","embeddable":true,"href":"https:\/\/www.hommes-adorateurs.fr\/index.php?rest_route=%2Fwp%2Fv2%2Ftags&post=450"}],"curies":[{"name":"wp","href":"https:\/\/api.w.org\/{rel}","templated":true}]}}