{"id":469,"date":"2014-01-23T14:01:26","date_gmt":"2014-01-23T13:01:26","guid":{"rendered":"http:\/\/www.hommes-adorateurs.fr\/?p=469"},"modified":"2014-01-23T14:02:40","modified_gmt":"2014-01-23T13:02:40","slug":"leducation-par-lexperience","status":"publish","type":"post","link":"https:\/\/www.hommes-adorateurs.fr\/?p=469","title":{"rendered":"L\u2019\u00e9ducation par l\u2019exp\u00e9rience"},"content":{"rendered":"<p><em>En tant que partenaires du<a href=\"http:\/\/colloque2014.wordpress.com\/\"> colloque du 1 f\u00e9vrier 2014 : \u00ab\u00a0Les parents, premiers et principaux \u00e9ducateurs\u00a0\u00bb<\/a>, dans cette m\u00eame th\u00e9matique, nous vous proposons une cat\u00e9ch\u00e8se de Benoit XVI sur Saint J\u00e9r\u00f4me, P\u00e8re de l\u2019Eglise, qui souligne combien les parents sont les\u00a0<strong>principaux \u00e9ducateurs des enfants, les premiers ma\u00eetres de vie<\/strong>. P\u00e8res, nous y voyons combien notre exemple d&rsquo;homme est indispensable. Bonne lecture !<\/em><\/p>\n<p><a href=\"http:\/\/www.hommes-adorateurs.fr\/wp-content\/uploads\/2014\/01\/jerome.jpg\"><img loading=\"lazy\" decoding=\"async\" class=\" wp-image-473 alignright\" alt=\"jerome\" src=\"http:\/\/www.hommes-adorateurs.fr\/wp-content\/uploads\/2014\/01\/jerome-300x244.jpg\" width=\"210\" height=\"171\" srcset=\"https:\/\/www.hommes-adorateurs.fr\/wp-content\/uploads\/2014\/01\/jerome-300x244.jpg 300w, https:\/\/www.hommes-adorateurs.fr\/wp-content\/uploads\/2014\/01\/jerome.jpg 548w\" sizes=\"auto, (max-width: 210px) 100vw, 210px\" \/><\/a>\u00a0\u00bb\u00a0On ne peut passer sous silence, l\u2019apport de J\u00e9r\u00f4me en mati\u00e8re de p\u00e9dagogie chr\u00e9tienne.\u00a0Il se propose de <strong>former \u00ab\u00a0<em>une \u00e2me qui doit devenir le temple du Seigneur<\/em>\u00a0\u00bb<\/strong>.<\/p>\n<p>En une intuition profonde, il conseille de la <strong>pr\u00e9server du mal<\/strong> et des <strong>occasions de p\u00e9ch\u00e9<\/strong>, d\u2019<strong>exclure les amiti\u00e9s \u00e9quivoques<\/strong> ou<strong> causes de dissipation<\/strong>.<\/p>\n<p>Surtout, il exhorte les parents<\/p>\n<ul>\n<li>\u00e0 <strong>cr\u00e9er une ambiance de s\u00e9r\u00e9nit\u00e9 et de joie autour de leurs enfants<\/strong>,<\/li>\n<li>\u00e0 les <strong>stimuler dans leurs \u00e9tudes et dans leur travail<\/strong>, sans oublier <strong>les f\u00e9licitations et l\u2019\u00e9mulation<\/strong>,<\/li>\n<li>\u00e0 les <strong>encourager \u00e0 surmonter les difficult\u00e9s<\/strong>,<\/li>\n<li>\u00e0 <strong>favoriser leurs bonnes habitudes<\/strong> et \u00e0 les <strong>emp\u00eacher d\u2019en prendre de mauvaises<\/strong>, parce que (et ici il cite une phrase de Publilius Syrus entendue \u00e0 l\u2019\u00e9cole) \u00ab\u00a0<em>c\u2019est \u00e0 grand-peine que tu r\u00e9ussirais \u00e0 te corriger de ces choses auxquelles tu es en train de t\u2019habituer tranquillement\u00a0<\/em>\u00bb.<\/li>\n<\/ul>\n<p><strong>Les parents sont les principaux \u00e9ducateurs des enfants, les premiers ma\u00eetres de vie.<\/strong><\/p>\n<p>Avec beaucoup de clairvoyance, J\u00e9r\u00f4me s\u2019adressant \u00e0 la m\u00e8re d\u2019une jeune fille avant de se tourner vers le p\u00e8re, les avertit, presque comme s\u2019il exprimait une exigence fondamentale de toute cr\u00e9ature humaine qui se pr\u00e9sente \u00e0 l\u2019entr\u00e9e dans la vie\u00a0: \u00ab\u00a0<em>Qu\u2019elle trouve en toi <strong>sa ma\u00eetresse<\/strong>, et qu\u2019elle te regarde <strong>avec admiration<\/strong> en sa jeunesse inexp\u00e9riment\u00e9e. Ni en toi, ni en son p\u00e8re, <strong>qu\u2019elle ne voit jamais aucun acte qui la porte au p\u00e9ch\u00e9 s\u2019il \u00e9tait imit\u00e9<\/strong>. Souvenez-vous [\u2026] que <strong>vous pouvez l\u2019\u00e9duquer davantage par l\u2019exemple que par la parole<\/strong>\u00a0<\/em>\u00bb.<\/p>\n<p>Parmi les principales intuitions de J\u00e9r\u00f4me comme p\u00e9dagogue, il faut signaler l\u2019importance qu\u2019il attribuait \u00e0<\/p>\n<ul>\n<li>une <strong>saine \u00e9ducation int\u00e9grale d\u00e8s le d\u00e9but de la petite enfance<\/strong>,<\/li>\n<li>l\u2019<strong>importance particuli\u00e8re reconnue aux parents<\/strong>,<\/li>\n<li>la n\u00e9cessit\u00e9 du <strong>s\u00e9rieux de la formation morale et religieuse<\/strong>,<\/li>\n<li>l\u2019<strong>exigence des \u00e9tudes<\/strong> pour une formation humaine plus compl\u00e8te.<\/li>\n<li>De plus, un aspect assez inattendu dans ces temps antiques mais que notre auteur consid\u00e9rait comme vital est la <strong>promotion de la femme<\/strong>, \u00e0 qui il reconna\u00eet le droit \u00e0 une formation compl\u00e8te\u00a0: humaine, intellectuelle, religieuse, professionnelle.<\/li>\n<\/ul>\n<p><a href=\"http:\/\/www.hommes-adorateurs.fr\/wp-content\/uploads\/2014\/01\/jerome-champaigne.jpg\"><img loading=\"lazy\" decoding=\"async\" class=\" wp-image-474 alignright\" alt=\"jerome champaigne\" src=\"http:\/\/www.hommes-adorateurs.fr\/wp-content\/uploads\/2014\/01\/jerome-champaigne-300x231.jpg\" width=\"240\" height=\"185\" srcset=\"https:\/\/www.hommes-adorateurs.fr\/wp-content\/uploads\/2014\/01\/jerome-champaigne-300x231.jpg 300w, https:\/\/www.hommes-adorateurs.fr\/wp-content\/uploads\/2014\/01\/jerome-champaigne-1024x789.jpg 1024w, https:\/\/www.hommes-adorateurs.fr\/wp-content\/uploads\/2014\/01\/jerome-champaigne.jpg 1182w\" sizes=\"auto, (max-width: 240px) 100vw, 240px\" \/><\/a>Et nous voyons bien aujourd\u2019hui comment l\u2019\u00e9ducation int\u00e9grale de la personnalit\u00e9, l\u2019\u00e9ducation \u00e0 la responsabilit\u00e9 devant Dieu et devant les hommes, est la v\u00e9ritable condition de tout<strong> progr\u00e8s<\/strong>, <strong>de toute paix<\/strong>, de toute<strong> r\u00e9conciliation<\/strong> et de toute <strong>exclusion de la violence<\/strong>. L\u2019\u00e9ducation devant Dieu et devant les hommes\u00a0: c\u2019est<strong> la Sainte \u00c9criture qui nous pr\u00e9sente le guide de l\u2019\u00e9ducation et, en cela, du v\u00e9ritable humanisme.<\/strong><\/p>\n<p>Il n\u2019est pas possible de conclure ces rapides remarques sur la grandeur de ce P\u00e8re de l\u2019\u00c9glise sans souligner l\u2019efficacit\u00e9 de sa contribution \u00e0 la sauvegarde de ce qui \u00e9tait positif et valable dans les \u00e9l\u00e9ments d\u2019antiques cultures h\u00e9bra\u00efque, grecque et romaine pass\u00e9s dans la civilisation chr\u00e9tienne en train de na\u00eetre. J\u00e9r\u00f4me a reconnu et assimil\u00e9 les <strong>valeurs artistiques<\/strong>, la <strong>richesse des sentiments<\/strong> et l\u2019<strong>harmonie des images pr\u00e9sentes dans les classiques<\/strong>, qui <strong>\u00e9duquent le c\u0153ur et l\u2019imagination \u00e0 de nobles sentiments<\/strong>. Par-dessus tout, <strong>il a mis au centre de sa vie et de son activit\u00e9 la Parole de Dieu<\/strong>, qui montre \u00e0 l\u2019homme les <strong>sentiers de la vie<\/strong> et lui r\u00e9v\u00e8le les <strong>secrets de la saintet\u00e9<\/strong>. De tout cela, nous pouvons, encore aujourd\u2019hui, lui \u00eatre profond\u00e9ment reconnaissants.<\/p>\n<p>Le texte complet\u00a0<a href=\"http:\/\/www.vatican.va\/holy_father\/benedict_xvi\/audiences\/2007\/documents\/hf_ben-xvi_aud_20071114_fr.html\" target=\"_blank\">http:\/\/www.vatican.va\/holy_<wbr \/>father\/benedict_xvi\/audiences\/<wbr \/>2007\/documents\/hf_ben-xvi_aud_<wbr \/>20071114_fr.html<\/a><\/p>\n<p><a href=\"http:\/\/colloque2014.wordpress.com\/\">Site du\u00a0colloque du 1 f\u00e9vrier 2014 : \u00ab\u00a0Les parents, premiers et principaux \u00e9ducateurs\u00a0\u00bb<\/a><\/p>\n","protected":false},"excerpt":{"rendered":"<p>En tant que partenaires du colloque du 1 f\u00e9vrier 2014 : \u00ab\u00a0Les parents, premiers et principaux \u00e9ducateurs\u00a0\u00bb, dans cette m\u00eame th\u00e9matique, nous vous proposons une cat\u00e9ch\u00e8se de Benoit XVI sur Saint J\u00e9r\u00f4me, P\u00e8re de l\u2019Eglise, qui souligne combien les parents sont les\u00a0principaux \u00e9ducateurs des enfants, les premiers ma\u00eetres de vie. P\u00e8res, nous y voyons combien &hellip;<\/p>\n","protected":false},"author":2,"featured_media":473,"comment_status":"open","ping_status":"open","sticky":false,"template":"","format":"standard","meta":{"footnotes":""},"categories":[6],"tags":[80,79,77,13,37],"class_list":["post-469","post","type-post","status-publish","format-standard","has-post-thumbnail","hentry","category-articles","tag-benoit-xvi","tag-education","tag-pape","tag-paternite","tag-temoignage"],"yoast_head":"<!-- This site is optimized with the Yoast SEO plugin v27.1.1 - https:\/\/yoast.com\/product\/yoast-seo-wordpress\/ -->\n<title>L\u2019\u00e9ducation par l\u2019exp\u00e9rience - Les hommes-adorateurs<\/title>\n<meta name=\"description\" content=\"En tant que partenaires du colloque du 1 f\u00e9vrier 2014 : &quot;Les parents, premiers et principaux \u00e9ducateurs&quot;, dans cette m\u00eame th\u00e9matique, nous vous proposons\" \/>\n<meta name=\"robots\" content=\"index, follow, max-snippet:-1, max-image-preview:large, max-video-preview:-1\" \/>\n<link rel=\"canonical\" href=\"https:\/\/www.hommes-adorateurs.fr\/?p=469\" \/>\n<meta property=\"og:locale\" content=\"fr_FR\" \/>\n<meta property=\"og:type\" content=\"article\" \/>\n<meta property=\"og:title\" content=\"L\u2019\u00e9ducation par l\u2019exp\u00e9rience - Les hommes-adorateurs\" \/>\n<meta property=\"og:description\" content=\"En tant que partenaires du colloque du 1 f\u00e9vrier 2014 : &quot;Les parents, premiers et principaux \u00e9ducateurs&quot;, dans cette m\u00eame th\u00e9matique, nous vous proposons\" \/>\n<meta property=\"og:url\" content=\"https:\/\/www.hommes-adorateurs.fr\/?p=469\" \/>\n<meta property=\"og:site_name\" content=\"Les hommes-adorateurs\" \/>\n<meta property=\"article:published_time\" content=\"2014-01-23T13:01:26+00:00\" \/>\n<meta property=\"article:modified_time\" content=\"2014-01-23T13:02:40+00:00\" \/>\n<meta property=\"og:image\" content=\"https:\/\/www.hommes-adorateurs.fr\/wp-content\/uploads\/2014\/01\/jerome.jpg\" \/>\n\t<meta property=\"og:image:width\" content=\"548\" \/>\n\t<meta property=\"og:image:height\" content=\"447\" \/>\n\t<meta property=\"og:image:type\" content=\"image\/jpeg\" \/>\n<meta name=\"author\" content=\"Gr\u00e9gory\" \/>\n<meta name=\"twitter:card\" content=\"summary_large_image\" \/>\n<meta name=\"twitter:label1\" content=\"\u00c9crit par\" \/>\n\t<meta name=\"twitter:data1\" content=\"Gr\u00e9gory\" \/>\n\t<meta name=\"twitter:label2\" content=\"Dur\u00e9e de lecture estim\u00e9e\" \/>\n\t<meta name=\"twitter:data2\" content=\"4 minutes\" \/>\n<script type=\"application\/ld+json\" class=\"yoast-schema-graph\">{\"@context\":\"https:\/\/schema.org\",\"@graph\":[{\"@type\":\"Article\",\"@id\":\"https:\/\/www.hommes-adorateurs.fr\/?p=469#article\",\"isPartOf\":{\"@id\":\"https:\/\/www.hommes-adorateurs.fr\/?p=469\"},\"author\":{\"name\":\"Gr\u00e9gory\",\"@id\":\"https:\/\/www.hommes-adorateurs.fr\/#\/schema\/person\/a3d3d8f5ed91b6bf7f1deb55926b625a\"},\"headline\":\"L\u2019\u00e9ducation par l\u2019exp\u00e9rience\",\"datePublished\":\"2014-01-23T13:01:26+00:00\",\"dateModified\":\"2014-01-23T13:02:40+00:00\",\"mainEntityOfPage\":{\"@id\":\"https:\/\/www.hommes-adorateurs.fr\/?p=469\"},\"wordCount\":707,\"commentCount\":0,\"image\":{\"@id\":\"https:\/\/www.hommes-adorateurs.fr\/?p=469#primaryimage\"},\"thumbnailUrl\":\"https:\/\/www.hommes-adorateurs.fr\/wp-content\/uploads\/2014\/01\/jerome.jpg\",\"keywords\":[\"Benoit XVI\",\"Education\",\"pape\",\"paternit\u00e9\",\"t\u00e9moignage\"],\"articleSection\":[\"Articles\"],\"inLanguage\":\"fr-FR\",\"potentialAction\":[{\"@type\":\"CommentAction\",\"name\":\"Comment\",\"target\":[\"https:\/\/www.hommes-adorateurs.fr\/?p=469#respond\"]}]},{\"@type\":\"WebPage\",\"@id\":\"https:\/\/www.hommes-adorateurs.fr\/?p=469\",\"url\":\"https:\/\/www.hommes-adorateurs.fr\/?p=469\",\"name\":\"L\u2019\u00e9ducation par l\u2019exp\u00e9rience - Les hommes-adorateurs\",\"isPartOf\":{\"@id\":\"https:\/\/www.hommes-adorateurs.fr\/#website\"},\"primaryImageOfPage\":{\"@id\":\"https:\/\/www.hommes-adorateurs.fr\/?p=469#primaryimage\"},\"image\":{\"@id\":\"https:\/\/www.hommes-adorateurs.fr\/?p=469#primaryimage\"},\"thumbnailUrl\":\"https:\/\/www.hommes-adorateurs.fr\/wp-content\/uploads\/2014\/01\/jerome.jpg\",\"datePublished\":\"2014-01-23T13:01:26+00:00\",\"dateModified\":\"2014-01-23T13:02:40+00:00\",\"author\":{\"@id\":\"https:\/\/www.hommes-adorateurs.fr\/#\/schema\/person\/a3d3d8f5ed91b6bf7f1deb55926b625a\"},\"description\":\"En tant que partenaires du colloque du 1 f\u00e9vrier 2014 : \\\"Les parents, premiers et principaux \u00e9ducateurs\\\", dans cette m\u00eame th\u00e9matique, nous vous proposons\",\"breadcrumb\":{\"@id\":\"https:\/\/www.hommes-adorateurs.fr\/?p=469#breadcrumb\"},\"inLanguage\":\"fr-FR\",\"potentialAction\":[{\"@type\":\"ReadAction\",\"target\":[\"https:\/\/www.hommes-adorateurs.fr\/?p=469\"]}]},{\"@type\":\"ImageObject\",\"inLanguage\":\"fr-FR\",\"@id\":\"https:\/\/www.hommes-adorateurs.fr\/?p=469#primaryimage\",\"url\":\"https:\/\/www.hommes-adorateurs.fr\/wp-content\/uploads\/2014\/01\/jerome.jpg\",\"contentUrl\":\"https:\/\/www.hommes-adorateurs.fr\/wp-content\/uploads\/2014\/01\/jerome.jpg\",\"width\":548,\"height\":447},{\"@type\":\"BreadcrumbList\",\"@id\":\"https:\/\/www.hommes-adorateurs.fr\/?p=469#breadcrumb\",\"itemListElement\":[{\"@type\":\"ListItem\",\"position\":1,\"name\":\"Accueil\",\"item\":\"https:\/\/www.hommes-adorateurs.fr\/\"},{\"@type\":\"ListItem\",\"position\":2,\"name\":\"L\u2019\u00e9ducation par l\u2019exp\u00e9rience\"}]},{\"@type\":\"WebSite\",\"@id\":\"https:\/\/www.hommes-adorateurs.fr\/#website\",\"url\":\"https:\/\/www.hommes-adorateurs.fr\/\",\"name\":\"Les hommes-adorateurs\",\"description\":\"Un saint est un homme avant d\u2019\u00eatre un saint. Un saint peut na\u00eetre en toute sorte d\u2019homme.  Gilbert Keith Chesterton\",\"potentialAction\":[{\"@type\":\"SearchAction\",\"target\":{\"@type\":\"EntryPoint\",\"urlTemplate\":\"https:\/\/www.hommes-adorateurs.fr\/?s={search_term_string}\"},\"query-input\":{\"@type\":\"PropertyValueSpecification\",\"valueRequired\":true,\"valueName\":\"search_term_string\"}}],\"inLanguage\":\"fr-FR\"},{\"@type\":\"Person\",\"@id\":\"https:\/\/www.hommes-adorateurs.fr\/#\/schema\/person\/a3d3d8f5ed91b6bf7f1deb55926b625a\",\"name\":\"Gr\u00e9gory\",\"image\":{\"@type\":\"ImageObject\",\"inLanguage\":\"fr-FR\",\"@id\":\"https:\/\/www.hommes-adorateurs.fr\/#\/schema\/person\/image\/\",\"url\":\"https:\/\/secure.gravatar.com\/avatar\/8a2d5be3467ed460a507b5e187731ee898691d21c11235bdf2801e61e2129363?s=96&d=mm&r=g\",\"contentUrl\":\"https:\/\/secure.gravatar.com\/avatar\/8a2d5be3467ed460a507b5e187731ee898691d21c11235bdf2801e61e2129363?s=96&d=mm&r=g\",\"caption\":\"Gr\u00e9gory\"},\"sameAs\":[\"http:\/\/www.hommes-adorateurs.fr\/\"],\"url\":\"https:\/\/www.hommes-adorateurs.fr\/?author=2\"}]}<\/script>\n<!-- \/ Yoast SEO plugin. -->","yoast_head_json":{"title":"L\u2019\u00e9ducation par l\u2019exp\u00e9rience - Les hommes-adorateurs","description":"En tant que partenaires du colloque du 1 f\u00e9vrier 2014 : \"Les parents, premiers et principaux \u00e9ducateurs\", dans cette m\u00eame th\u00e9matique, nous vous proposons","robots":{"index":"index","follow":"follow","max-snippet":"max-snippet:-1","max-image-preview":"max-image-preview:large","max-video-preview":"max-video-preview:-1"},"canonical":"https:\/\/www.hommes-adorateurs.fr\/?p=469","og_locale":"fr_FR","og_type":"article","og_title":"L\u2019\u00e9ducation par l\u2019exp\u00e9rience - Les hommes-adorateurs","og_description":"En tant que partenaires du colloque du 1 f\u00e9vrier 2014 : \"Les parents, premiers et principaux \u00e9ducateurs\", dans cette m\u00eame th\u00e9matique, nous vous proposons","og_url":"https:\/\/www.hommes-adorateurs.fr\/?p=469","og_site_name":"Les hommes-adorateurs","article_published_time":"2014-01-23T13:01:26+00:00","article_modified_time":"2014-01-23T13:02:40+00:00","og_image":[{"width":548,"height":447,"url":"https:\/\/www.hommes-adorateurs.fr\/wp-content\/uploads\/2014\/01\/jerome.jpg","type":"image\/jpeg"}],"author":"Gr\u00e9gory","twitter_card":"summary_large_image","twitter_misc":{"\u00c9crit par":"Gr\u00e9gory","Dur\u00e9e de lecture estim\u00e9e":"4 minutes"},"schema":{"@context":"https:\/\/schema.org","@graph":[{"@type":"Article","@id":"https:\/\/www.hommes-adorateurs.fr\/?p=469#article","isPartOf":{"@id":"https:\/\/www.hommes-adorateurs.fr\/?p=469"},"author":{"name":"Gr\u00e9gory","@id":"https:\/\/www.hommes-adorateurs.fr\/#\/schema\/person\/a3d3d8f5ed91b6bf7f1deb55926b625a"},"headline":"L\u2019\u00e9ducation par l\u2019exp\u00e9rience","datePublished":"2014-01-23T13:01:26+00:00","dateModified":"2014-01-23T13:02:40+00:00","mainEntityOfPage":{"@id":"https:\/\/www.hommes-adorateurs.fr\/?p=469"},"wordCount":707,"commentCount":0,"image":{"@id":"https:\/\/www.hommes-adorateurs.fr\/?p=469#primaryimage"},"thumbnailUrl":"https:\/\/www.hommes-adorateurs.fr\/wp-content\/uploads\/2014\/01\/jerome.jpg","keywords":["Benoit XVI","Education","pape","paternit\u00e9","t\u00e9moignage"],"articleSection":["Articles"],"inLanguage":"fr-FR","potentialAction":[{"@type":"CommentAction","name":"Comment","target":["https:\/\/www.hommes-adorateurs.fr\/?p=469#respond"]}]},{"@type":"WebPage","@id":"https:\/\/www.hommes-adorateurs.fr\/?p=469","url":"https:\/\/www.hommes-adorateurs.fr\/?p=469","name":"L\u2019\u00e9ducation par l\u2019exp\u00e9rience - Les hommes-adorateurs","isPartOf":{"@id":"https:\/\/www.hommes-adorateurs.fr\/#website"},"primaryImageOfPage":{"@id":"https:\/\/www.hommes-adorateurs.fr\/?p=469#primaryimage"},"image":{"@id":"https:\/\/www.hommes-adorateurs.fr\/?p=469#primaryimage"},"thumbnailUrl":"https:\/\/www.hommes-adorateurs.fr\/wp-content\/uploads\/2014\/01\/jerome.jpg","datePublished":"2014-01-23T13:01:26+00:00","dateModified":"2014-01-23T13:02:40+00:00","author":{"@id":"https:\/\/www.hommes-adorateurs.fr\/#\/schema\/person\/a3d3d8f5ed91b6bf7f1deb55926b625a"},"description":"En tant que partenaires du colloque du 1 f\u00e9vrier 2014 : \"Les parents, premiers et principaux \u00e9ducateurs\", dans cette m\u00eame th\u00e9matique, nous vous proposons","breadcrumb":{"@id":"https:\/\/www.hommes-adorateurs.fr\/?p=469#breadcrumb"},"inLanguage":"fr-FR","potentialAction":[{"@type":"ReadAction","target":["https:\/\/www.hommes-adorateurs.fr\/?p=469"]}]},{"@type":"ImageObject","inLanguage":"fr-FR","@id":"https:\/\/www.hommes-adorateurs.fr\/?p=469#primaryimage","url":"https:\/\/www.hommes-adorateurs.fr\/wp-content\/uploads\/2014\/01\/jerome.jpg","contentUrl":"https:\/\/www.hommes-adorateurs.fr\/wp-content\/uploads\/2014\/01\/jerome.jpg","width":548,"height":447},{"@type":"BreadcrumbList","@id":"https:\/\/www.hommes-adorateurs.fr\/?p=469#breadcrumb","itemListElement":[{"@type":"ListItem","position":1,"name":"Accueil","item":"https:\/\/www.hommes-adorateurs.fr\/"},{"@type":"ListItem","position":2,"name":"L\u2019\u00e9ducation par l\u2019exp\u00e9rience"}]},{"@type":"WebSite","@id":"https:\/\/www.hommes-adorateurs.fr\/#website","url":"https:\/\/www.hommes-adorateurs.fr\/","name":"Les hommes-adorateurs","description":"Un saint est un homme avant d\u2019\u00eatre un saint. Un saint peut na\u00eetre en toute sorte d\u2019homme.  Gilbert Keith Chesterton","potentialAction":[{"@type":"SearchAction","target":{"@type":"EntryPoint","urlTemplate":"https:\/\/www.hommes-adorateurs.fr\/?s={search_term_string}"},"query-input":{"@type":"PropertyValueSpecification","valueRequired":true,"valueName":"search_term_string"}}],"inLanguage":"fr-FR"},{"@type":"Person","@id":"https:\/\/www.hommes-adorateurs.fr\/#\/schema\/person\/a3d3d8f5ed91b6bf7f1deb55926b625a","name":"Gr\u00e9gory","image":{"@type":"ImageObject","inLanguage":"fr-FR","@id":"https:\/\/www.hommes-adorateurs.fr\/#\/schema\/person\/image\/","url":"https:\/\/secure.gravatar.com\/avatar\/8a2d5be3467ed460a507b5e187731ee898691d21c11235bdf2801e61e2129363?s=96&d=mm&r=g","contentUrl":"https:\/\/secure.gravatar.com\/avatar\/8a2d5be3467ed460a507b5e187731ee898691d21c11235bdf2801e61e2129363?s=96&d=mm&r=g","caption":"Gr\u00e9gory"},"sameAs":["http:\/\/www.hommes-adorateurs.fr\/"],"url":"https:\/\/www.hommes-adorateurs.fr\/?author=2"}]}},"_links":{"self":[{"href":"https:\/\/www.hommes-adorateurs.fr\/index.php?rest_route=\/wp\/v2\/posts\/469","targetHints":{"allow":["GET"]}}],"collection":[{"href":"https:\/\/www.hommes-adorateurs.fr\/index.php?rest_route=\/wp\/v2\/posts"}],"about":[{"href":"https:\/\/www.hommes-adorateurs.fr\/index.php?rest_route=\/wp\/v2\/types\/post"}],"author":[{"embeddable":true,"href":"https:\/\/www.hommes-adorateurs.fr\/index.php?rest_route=\/wp\/v2\/users\/2"}],"replies":[{"embeddable":true,"href":"https:\/\/www.hommes-adorateurs.fr\/index.php?rest_route=%2Fwp%2Fv2%2Fcomments&post=469"}],"version-history":[{"count":5,"href":"https:\/\/www.hommes-adorateurs.fr\/index.php?rest_route=\/wp\/v2\/posts\/469\/revisions"}],"predecessor-version":[{"id":477,"href":"https:\/\/www.hommes-adorateurs.fr\/index.php?rest_route=\/wp\/v2\/posts\/469\/revisions\/477"}],"wp:featuredmedia":[{"embeddable":true,"href":"https:\/\/www.hommes-adorateurs.fr\/index.php?rest_route=\/wp\/v2\/media\/473"}],"wp:attachment":[{"href":"https:\/\/www.hommes-adorateurs.fr\/index.php?rest_route=%2Fwp%2Fv2%2Fmedia&parent=469"}],"wp:term":[{"taxonomy":"category","embeddable":true,"href":"https:\/\/www.hommes-adorateurs.fr\/index.php?rest_route=%2Fwp%2Fv2%2Fcategories&post=469"},{"taxonomy":"post_tag","embeddable":true,"href":"https:\/\/www.hommes-adorateurs.fr\/index.php?rest_route=%2Fwp%2Fv2%2Ftags&post=469"}],"curies":[{"name":"wp","href":"https:\/\/api.w.org\/{rel}","templated":true}]}}