{"id":524,"date":"2014-02-03T01:57:45","date_gmt":"2014-02-03T00:57:45","guid":{"rendered":"http:\/\/www.hommes-adorateurs.fr\/?p=524"},"modified":"2014-02-03T01:59:36","modified_gmt":"2014-02-03T00:59:36","slug":"tout-chant-est-de-nature-masculine","status":"publish","type":"post","link":"https:\/\/www.hommes-adorateurs.fr\/?p=524","title":{"rendered":"\u00ab\u00a0Tout chant est de nature masculine\u00a0\u00bb"},"content":{"rendered":"<p><em>Le d\u00e9marrage de la Schola du\u00a0<a href=\"http:\/\/www.hommes-adorateurs.fr\/category\/le-luc-en-provence\/\">contingent d\u2019hommes-adorateurs du Luc<\/a>\u00a0est un bon pr\u00e9texte pour la r\u00e9daction de ce nouvel article sur le chant sacr\u00e9.\u00a0<\/em><\/p>\n<p><img loading=\"lazy\" decoding=\"async\" class=\" wp-image-526 alignleft\" alt=\"chant\" src=\"http:\/\/www.hommes-adorateurs.fr\/wp-content\/uploads\/2014\/02\/chant-300x300.png\" width=\"240\" height=\"240\" srcset=\"https:\/\/www.hommes-adorateurs.fr\/wp-content\/uploads\/2014\/02\/chant-300x300.png 300w, https:\/\/www.hommes-adorateurs.fr\/wp-content\/uploads\/2014\/02\/chant-150x150.png 150w, https:\/\/www.hommes-adorateurs.fr\/wp-content\/uploads\/2014\/02\/chant-290x290.png 290w, https:\/\/www.hommes-adorateurs.fr\/wp-content\/uploads\/2014\/02\/chant.png 799w\" sizes=\"auto, (max-width: 240px) 100vw, 240px\" \/><\/p>\n<p>Le 12 Novembre 2012, Benoit XVI<a href=\"http:\/\/www.vatican.va\/holy_father\/benedict_xvi\/speeches\/2012\/november\/documents\/hf_ben-xvi_spe_20121110_santa-cecilia_fr.html\"> rappelait<\/a> :<\/p>\n<blockquote><p>Chers amis, vous avez un r\u00f4le important: engagez-vous \u00e0 am\u00e9liorer la qualit\u00e9 du chant liturgique, sans avoir crainte de <strong>retrouver<\/strong> et de <strong>valoriser<\/strong> la grande tradition musicale de l\u2019\u00c9glise, qui dans le <strong>chant gr\u00e9gorien<\/strong> et dans la <strong>polyphonie<\/strong> poss\u00e8de deux expressions tr\u00e8s \u00e9lev\u00e9es, comme l\u2019affirme le Concile Vatican II lui-m\u00eame.<\/p><\/blockquote>\n<p>Et ce <strong>chant gr\u00e9gorien<\/strong> prend une place encore plus importante aujourd&rsquo;hui : \u00e0 travers son caract\u00e8re sexu\u00e9, il souligne une <strong>humanit\u00e9 diff\u00e9renci\u00e9e<\/strong>. Il devient une r\u00e9ponse logique et eccl\u00e9siale \u00e0 ce qu&rsquo;on appelle aujourd&rsquo;hui la <strong>Th\u00e9orie du genre<\/strong>.\u00a0Damien Poisblaud,\u00a0<em>\u00a0<\/em>des\u00a0<a href=\"http:\/\/chantgregorien.over-blog.com\/\">chantres du Thoronet<\/a>,\u00a0\u00a0va plus loin en ajoutant que <strong>tout chant est de nature masculine<\/strong>, ce qui ne veut pas dire que les femmes ne peuvent pas chanter mais que, lorsque c&rsquo;est une femme qui chante, c&rsquo;est un acte de type masculin qu&rsquo;elle pose.<\/p>\n<p>Domenico Bartolucci,\u00a0ma\u00eetre \u00e9m\u00e9rite de la chapelle Sixtine,\u00a0grand ami et collaborateur de Beno\u00eet XV, semblait aller dans le m\u00eame sens en d\u00e9clarant :<\/p>\n<blockquote><p>Le <strong>gr\u00e9gorien d\u2019autrefois<\/strong> savait \u00eatre aussi un<strong> chant populaire<\/strong>, chant\u00e9 avec <strong>force<\/strong> et <strong>vigueur<\/strong>, comme le peuple exprimait sa foi avec force et vigueur.<\/p><\/blockquote>\n<p><span style=\"line-height: 1.5em;\">C&rsquo;est aussi l&rsquo;avis de Dom Jos\u00e9 Luis Angulo, le P\u00e8re chantre de l\u2019abbaye b\u00e9n\u00e9dictine Santo Domingo de Silos, qualifie le chant gr\u00e9gorien de\u00a0<\/span><em style=\"line-height: 1.5em;\">viril et populaire.<\/em> D&rsquo;ailleurs nous retrouvons les notions de <strong>force<\/strong> et de <strong>vigueur<\/strong>\u00a0en filigrane en 813, lors du concile de Tours qui ordonne formellement que <strong>les pr\u00eatres se gardent de tout ce qui par l&rsquo;ou\u00efe ou la vue peut amollir l&rsquo;\u00e2me<\/strong>.<\/p>\n<p>Nous<span style=\"line-height: 1.5em;\">\u00a0devons donc pr\u00eater attention \u00e0 ce que notre chant ne devienne pas\u00a0<\/span>asexu\u00e9<span style=\"line-height: 1.5em;\">, nous souvenant aussi\u00a0<\/span><span style=\"line-height: 1.5em;\">que <\/span><a style=\"line-height: 1.5em;\" href=\"http:\/\/www.hommes-adorateurs.fr\/le-chant-sacre-doit-etre-grave-viril-et-affectueux\/\">Saint Bernard souhaitait un chant viril \u00e0 l&rsquo;\u00e9glise<\/a>.<span style=\"line-height: 1.5em;\"><br \/>\n<\/span><\/p>\n<p>Enfin, laissons pour finir la parole \u00e0 Franck Laurent qui a \u00e9crit un<a href=\"http:\/\/www.famillechretienne.fr\/prier\/chants\/au-souffle-du-gregorien-44196\"> tr\u00e8s bel article sur le chant gr\u00e9gorien sur l&rsquo;hebdomadaire <em>\u00ab\u00a0famille chr\u00e9tienne\u00a0\u00bb<\/em><\/a> :<\/p>\n<blockquote><p>Le gr\u00e9gorien n\u2019est-il pas n\u00e9 au matin du premier No\u00ebl ?<\/p>\n<p><strong>Les bergers, virils hommes du peuple, s\u2019en reviennent de la cr\u00e8che<\/strong>.<\/p>\n<p>Ils glorifient Dieu en publiant l\u2019annonce venue du ciel : \u00ab\u00a0<strong>Gloire \u00e0 Dieu dans les hauteurs et sur terre paix aux hommes ses bien-aim\u00e9s<\/strong>\u00a0\u00bb.<\/p><\/blockquote>\n","protected":false},"excerpt":{"rendered":"<p>Le d\u00e9marrage de la Schola du\u00a0contingent d\u2019hommes-adorateurs du Luc\u00a0est un bon pr\u00e9texte pour la r\u00e9daction de ce nouvel article sur le chant sacr\u00e9.\u00a0 Le 12 Novembre 2012, Benoit XVI rappelait : Chers amis, vous avez un r\u00f4le important: engagez-vous \u00e0 am\u00e9liorer la qualit\u00e9 du chant liturgique, sans avoir crainte de retrouver et de valoriser la &hellip;<\/p>\n","protected":false},"author":2,"featured_media":526,"comment_status":"open","ping_status":"open","sticky":false,"template":"","format":"standard","meta":{"footnotes":""},"categories":[6],"tags":[],"class_list":["post-524","post","type-post","status-publish","format-standard","has-post-thumbnail","hentry","category-articles"],"yoast_head":"<!-- This site is optimized with the Yoast SEO plugin v27.1.1 - https:\/\/yoast.com\/product\/yoast-seo-wordpress\/ -->\n<title>&quot;Tout chant est de nature masculine&quot; - Les hommes-adorateurs<\/title>\n<meta name=\"description\" content=\"Le d\u00e9marrage de la Schola du\u00a0contingent d\u2019hommes-adorateurs du Luc\u00a0est un bon pr\u00e9texte pour la r\u00e9daction de ce nouvel article sur le chant sacr\u00e9.\u00a0 Le 12\" \/>\n<meta name=\"robots\" content=\"index, follow, max-snippet:-1, max-image-preview:large, max-video-preview:-1\" \/>\n<link rel=\"canonical\" href=\"https:\/\/www.hommes-adorateurs.fr\/?p=524\" \/>\n<meta property=\"og:locale\" content=\"fr_FR\" \/>\n<meta property=\"og:type\" content=\"article\" \/>\n<meta property=\"og:title\" content=\"&quot;Tout chant est de nature masculine&quot; - Les hommes-adorateurs\" \/>\n<meta property=\"og:description\" content=\"Le d\u00e9marrage de la Schola du\u00a0contingent d\u2019hommes-adorateurs du Luc\u00a0est un bon pr\u00e9texte pour la r\u00e9daction de ce nouvel article sur le chant sacr\u00e9.\u00a0 Le 12\" \/>\n<meta property=\"og:url\" content=\"https:\/\/www.hommes-adorateurs.fr\/?p=524\" \/>\n<meta property=\"og:site_name\" content=\"Les hommes-adorateurs\" \/>\n<meta property=\"article:published_time\" content=\"2014-02-03T00:57:45+00:00\" \/>\n<meta property=\"article:modified_time\" content=\"2014-02-03T00:59:36+00:00\" \/>\n<meta property=\"og:image\" content=\"https:\/\/www.hommes-adorateurs.fr\/wp-content\/uploads\/2014\/02\/chant.png\" \/>\n\t<meta property=\"og:image:width\" content=\"799\" \/>\n\t<meta property=\"og:image:height\" content=\"799\" \/>\n\t<meta property=\"og:image:type\" content=\"image\/png\" \/>\n<meta name=\"author\" content=\"Gr\u00e9gory\" \/>\n<meta name=\"twitter:card\" content=\"summary_large_image\" \/>\n<meta name=\"twitter:label1\" content=\"\u00c9crit par\" \/>\n\t<meta name=\"twitter:data1\" content=\"Gr\u00e9gory\" \/>\n\t<meta name=\"twitter:label2\" content=\"Dur\u00e9e de lecture estim\u00e9e\" \/>\n\t<meta name=\"twitter:data2\" content=\"2 minutes\" \/>\n<script type=\"application\/ld+json\" class=\"yoast-schema-graph\">{\"@context\":\"https:\/\/schema.org\",\"@graph\":[{\"@type\":\"Article\",\"@id\":\"https:\/\/www.hommes-adorateurs.fr\/?p=524#article\",\"isPartOf\":{\"@id\":\"https:\/\/www.hommes-adorateurs.fr\/?p=524\"},\"author\":{\"name\":\"Gr\u00e9gory\",\"@id\":\"https:\/\/www.hommes-adorateurs.fr\/#\/schema\/person\/a3d3d8f5ed91b6bf7f1deb55926b625a\"},\"headline\":\"\u00ab\u00a0Tout chant est de nature masculine\u00a0\u00bb\",\"datePublished\":\"2014-02-03T00:57:45+00:00\",\"dateModified\":\"2014-02-03T00:59:36+00:00\",\"mainEntityOfPage\":{\"@id\":\"https:\/\/www.hommes-adorateurs.fr\/?p=524\"},\"wordCount\":426,\"commentCount\":1,\"image\":{\"@id\":\"https:\/\/www.hommes-adorateurs.fr\/?p=524#primaryimage\"},\"thumbnailUrl\":\"https:\/\/www.hommes-adorateurs.fr\/wp-content\/uploads\/2014\/02\/chant.png\",\"articleSection\":[\"Articles\"],\"inLanguage\":\"fr-FR\",\"potentialAction\":[{\"@type\":\"CommentAction\",\"name\":\"Comment\",\"target\":[\"https:\/\/www.hommes-adorateurs.fr\/?p=524#respond\"]}]},{\"@type\":\"WebPage\",\"@id\":\"https:\/\/www.hommes-adorateurs.fr\/?p=524\",\"url\":\"https:\/\/www.hommes-adorateurs.fr\/?p=524\",\"name\":\"\\\"Tout chant est de nature masculine\\\" - Les hommes-adorateurs\",\"isPartOf\":{\"@id\":\"https:\/\/www.hommes-adorateurs.fr\/#website\"},\"primaryImageOfPage\":{\"@id\":\"https:\/\/www.hommes-adorateurs.fr\/?p=524#primaryimage\"},\"image\":{\"@id\":\"https:\/\/www.hommes-adorateurs.fr\/?p=524#primaryimage\"},\"thumbnailUrl\":\"https:\/\/www.hommes-adorateurs.fr\/wp-content\/uploads\/2014\/02\/chant.png\",\"datePublished\":\"2014-02-03T00:57:45+00:00\",\"dateModified\":\"2014-02-03T00:59:36+00:00\",\"author\":{\"@id\":\"https:\/\/www.hommes-adorateurs.fr\/#\/schema\/person\/a3d3d8f5ed91b6bf7f1deb55926b625a\"},\"description\":\"Le d\u00e9marrage de la Schola du\u00a0contingent d\u2019hommes-adorateurs du Luc\u00a0est un bon pr\u00e9texte pour la r\u00e9daction de ce nouvel article sur le chant sacr\u00e9.\u00a0 Le 12\",\"breadcrumb\":{\"@id\":\"https:\/\/www.hommes-adorateurs.fr\/?p=524#breadcrumb\"},\"inLanguage\":\"fr-FR\",\"potentialAction\":[{\"@type\":\"ReadAction\",\"target\":[\"https:\/\/www.hommes-adorateurs.fr\/?p=524\"]}]},{\"@type\":\"ImageObject\",\"inLanguage\":\"fr-FR\",\"@id\":\"https:\/\/www.hommes-adorateurs.fr\/?p=524#primaryimage\",\"url\":\"https:\/\/www.hommes-adorateurs.fr\/wp-content\/uploads\/2014\/02\/chant.png\",\"contentUrl\":\"https:\/\/www.hommes-adorateurs.fr\/wp-content\/uploads\/2014\/02\/chant.png\",\"width\":799,\"height\":799},{\"@type\":\"BreadcrumbList\",\"@id\":\"https:\/\/www.hommes-adorateurs.fr\/?p=524#breadcrumb\",\"itemListElement\":[{\"@type\":\"ListItem\",\"position\":1,\"name\":\"Accueil\",\"item\":\"https:\/\/www.hommes-adorateurs.fr\/\"},{\"@type\":\"ListItem\",\"position\":2,\"name\":\"\u00ab\u00a0Tout chant est de nature masculine\u00a0\u00bb\"}]},{\"@type\":\"WebSite\",\"@id\":\"https:\/\/www.hommes-adorateurs.fr\/#website\",\"url\":\"https:\/\/www.hommes-adorateurs.fr\/\",\"name\":\"Les hommes-adorateurs\",\"description\":\"Un saint est un homme avant d\u2019\u00eatre un saint. Un saint peut na\u00eetre en toute sorte d\u2019homme.  Gilbert Keith Chesterton\",\"potentialAction\":[{\"@type\":\"SearchAction\",\"target\":{\"@type\":\"EntryPoint\",\"urlTemplate\":\"https:\/\/www.hommes-adorateurs.fr\/?s={search_term_string}\"},\"query-input\":{\"@type\":\"PropertyValueSpecification\",\"valueRequired\":true,\"valueName\":\"search_term_string\"}}],\"inLanguage\":\"fr-FR\"},{\"@type\":\"Person\",\"@id\":\"https:\/\/www.hommes-adorateurs.fr\/#\/schema\/person\/a3d3d8f5ed91b6bf7f1deb55926b625a\",\"name\":\"Gr\u00e9gory\",\"image\":{\"@type\":\"ImageObject\",\"inLanguage\":\"fr-FR\",\"@id\":\"https:\/\/www.hommes-adorateurs.fr\/#\/schema\/person\/image\/\",\"url\":\"https:\/\/secure.gravatar.com\/avatar\/8a2d5be3467ed460a507b5e187731ee898691d21c11235bdf2801e61e2129363?s=96&d=mm&r=g\",\"contentUrl\":\"https:\/\/secure.gravatar.com\/avatar\/8a2d5be3467ed460a507b5e187731ee898691d21c11235bdf2801e61e2129363?s=96&d=mm&r=g\",\"caption\":\"Gr\u00e9gory\"},\"sameAs\":[\"http:\/\/www.hommes-adorateurs.fr\/\"],\"url\":\"https:\/\/www.hommes-adorateurs.fr\/?author=2\"}]}<\/script>\n<!-- \/ Yoast SEO plugin. -->","yoast_head_json":{"title":"\"Tout chant est de nature masculine\" - Les hommes-adorateurs","description":"Le d\u00e9marrage de la Schola du\u00a0contingent d\u2019hommes-adorateurs du Luc\u00a0est un bon pr\u00e9texte pour la r\u00e9daction de ce nouvel article sur le chant sacr\u00e9.\u00a0 Le 12","robots":{"index":"index","follow":"follow","max-snippet":"max-snippet:-1","max-image-preview":"max-image-preview:large","max-video-preview":"max-video-preview:-1"},"canonical":"https:\/\/www.hommes-adorateurs.fr\/?p=524","og_locale":"fr_FR","og_type":"article","og_title":"\"Tout chant est de nature masculine\" - Les hommes-adorateurs","og_description":"Le d\u00e9marrage de la Schola du\u00a0contingent d\u2019hommes-adorateurs du Luc\u00a0est un bon pr\u00e9texte pour la r\u00e9daction de ce nouvel article sur le chant sacr\u00e9.\u00a0 Le 12","og_url":"https:\/\/www.hommes-adorateurs.fr\/?p=524","og_site_name":"Les hommes-adorateurs","article_published_time":"2014-02-03T00:57:45+00:00","article_modified_time":"2014-02-03T00:59:36+00:00","og_image":[{"width":799,"height":799,"url":"https:\/\/www.hommes-adorateurs.fr\/wp-content\/uploads\/2014\/02\/chant.png","type":"image\/png"}],"author":"Gr\u00e9gory","twitter_card":"summary_large_image","twitter_misc":{"\u00c9crit par":"Gr\u00e9gory","Dur\u00e9e de lecture estim\u00e9e":"2 minutes"},"schema":{"@context":"https:\/\/schema.org","@graph":[{"@type":"Article","@id":"https:\/\/www.hommes-adorateurs.fr\/?p=524#article","isPartOf":{"@id":"https:\/\/www.hommes-adorateurs.fr\/?p=524"},"author":{"name":"Gr\u00e9gory","@id":"https:\/\/www.hommes-adorateurs.fr\/#\/schema\/person\/a3d3d8f5ed91b6bf7f1deb55926b625a"},"headline":"\u00ab\u00a0Tout chant est de nature masculine\u00a0\u00bb","datePublished":"2014-02-03T00:57:45+00:00","dateModified":"2014-02-03T00:59:36+00:00","mainEntityOfPage":{"@id":"https:\/\/www.hommes-adorateurs.fr\/?p=524"},"wordCount":426,"commentCount":1,"image":{"@id":"https:\/\/www.hommes-adorateurs.fr\/?p=524#primaryimage"},"thumbnailUrl":"https:\/\/www.hommes-adorateurs.fr\/wp-content\/uploads\/2014\/02\/chant.png","articleSection":["Articles"],"inLanguage":"fr-FR","potentialAction":[{"@type":"CommentAction","name":"Comment","target":["https:\/\/www.hommes-adorateurs.fr\/?p=524#respond"]}]},{"@type":"WebPage","@id":"https:\/\/www.hommes-adorateurs.fr\/?p=524","url":"https:\/\/www.hommes-adorateurs.fr\/?p=524","name":"\"Tout chant est de nature masculine\" - Les hommes-adorateurs","isPartOf":{"@id":"https:\/\/www.hommes-adorateurs.fr\/#website"},"primaryImageOfPage":{"@id":"https:\/\/www.hommes-adorateurs.fr\/?p=524#primaryimage"},"image":{"@id":"https:\/\/www.hommes-adorateurs.fr\/?p=524#primaryimage"},"thumbnailUrl":"https:\/\/www.hommes-adorateurs.fr\/wp-content\/uploads\/2014\/02\/chant.png","datePublished":"2014-02-03T00:57:45+00:00","dateModified":"2014-02-03T00:59:36+00:00","author":{"@id":"https:\/\/www.hommes-adorateurs.fr\/#\/schema\/person\/a3d3d8f5ed91b6bf7f1deb55926b625a"},"description":"Le d\u00e9marrage de la Schola du\u00a0contingent d\u2019hommes-adorateurs du Luc\u00a0est un bon pr\u00e9texte pour la r\u00e9daction de ce nouvel article sur le chant sacr\u00e9.\u00a0 Le 12","breadcrumb":{"@id":"https:\/\/www.hommes-adorateurs.fr\/?p=524#breadcrumb"},"inLanguage":"fr-FR","potentialAction":[{"@type":"ReadAction","target":["https:\/\/www.hommes-adorateurs.fr\/?p=524"]}]},{"@type":"ImageObject","inLanguage":"fr-FR","@id":"https:\/\/www.hommes-adorateurs.fr\/?p=524#primaryimage","url":"https:\/\/www.hommes-adorateurs.fr\/wp-content\/uploads\/2014\/02\/chant.png","contentUrl":"https:\/\/www.hommes-adorateurs.fr\/wp-content\/uploads\/2014\/02\/chant.png","width":799,"height":799},{"@type":"BreadcrumbList","@id":"https:\/\/www.hommes-adorateurs.fr\/?p=524#breadcrumb","itemListElement":[{"@type":"ListItem","position":1,"name":"Accueil","item":"https:\/\/www.hommes-adorateurs.fr\/"},{"@type":"ListItem","position":2,"name":"\u00ab\u00a0Tout chant est de nature masculine\u00a0\u00bb"}]},{"@type":"WebSite","@id":"https:\/\/www.hommes-adorateurs.fr\/#website","url":"https:\/\/www.hommes-adorateurs.fr\/","name":"Les hommes-adorateurs","description":"Un saint est un homme avant d\u2019\u00eatre un saint. Un saint peut na\u00eetre en toute sorte d\u2019homme.  Gilbert Keith Chesterton","potentialAction":[{"@type":"SearchAction","target":{"@type":"EntryPoint","urlTemplate":"https:\/\/www.hommes-adorateurs.fr\/?s={search_term_string}"},"query-input":{"@type":"PropertyValueSpecification","valueRequired":true,"valueName":"search_term_string"}}],"inLanguage":"fr-FR"},{"@type":"Person","@id":"https:\/\/www.hommes-adorateurs.fr\/#\/schema\/person\/a3d3d8f5ed91b6bf7f1deb55926b625a","name":"Gr\u00e9gory","image":{"@type":"ImageObject","inLanguage":"fr-FR","@id":"https:\/\/www.hommes-adorateurs.fr\/#\/schema\/person\/image\/","url":"https:\/\/secure.gravatar.com\/avatar\/8a2d5be3467ed460a507b5e187731ee898691d21c11235bdf2801e61e2129363?s=96&d=mm&r=g","contentUrl":"https:\/\/secure.gravatar.com\/avatar\/8a2d5be3467ed460a507b5e187731ee898691d21c11235bdf2801e61e2129363?s=96&d=mm&r=g","caption":"Gr\u00e9gory"},"sameAs":["http:\/\/www.hommes-adorateurs.fr\/"],"url":"https:\/\/www.hommes-adorateurs.fr\/?author=2"}]}},"_links":{"self":[{"href":"https:\/\/www.hommes-adorateurs.fr\/index.php?rest_route=\/wp\/v2\/posts\/524","targetHints":{"allow":["GET"]}}],"collection":[{"href":"https:\/\/www.hommes-adorateurs.fr\/index.php?rest_route=\/wp\/v2\/posts"}],"about":[{"href":"https:\/\/www.hommes-adorateurs.fr\/index.php?rest_route=\/wp\/v2\/types\/post"}],"author":[{"embeddable":true,"href":"https:\/\/www.hommes-adorateurs.fr\/index.php?rest_route=\/wp\/v2\/users\/2"}],"replies":[{"embeddable":true,"href":"https:\/\/www.hommes-adorateurs.fr\/index.php?rest_route=%2Fwp%2Fv2%2Fcomments&post=524"}],"version-history":[{"count":3,"href":"https:\/\/www.hommes-adorateurs.fr\/index.php?rest_route=\/wp\/v2\/posts\/524\/revisions"}],"predecessor-version":[{"id":528,"href":"https:\/\/www.hommes-adorateurs.fr\/index.php?rest_route=\/wp\/v2\/posts\/524\/revisions\/528"}],"wp:featuredmedia":[{"embeddable":true,"href":"https:\/\/www.hommes-adorateurs.fr\/index.php?rest_route=\/wp\/v2\/media\/526"}],"wp:attachment":[{"href":"https:\/\/www.hommes-adorateurs.fr\/index.php?rest_route=%2Fwp%2Fv2%2Fmedia&parent=524"}],"wp:term":[{"taxonomy":"category","embeddable":true,"href":"https:\/\/www.hommes-adorateurs.fr\/index.php?rest_route=%2Fwp%2Fv2%2Fcategories&post=524"},{"taxonomy":"post_tag","embeddable":true,"href":"https:\/\/www.hommes-adorateurs.fr\/index.php?rest_route=%2Fwp%2Fv2%2Ftags&post=524"}],"curies":[{"name":"wp","href":"https:\/\/api.w.org\/{rel}","templated":true}]}}