{"id":806,"date":"2014-04-07T07:30:43","date_gmt":"2014-04-07T06:30:43","guid":{"rendered":"http:\/\/www.hommes-adorateurs.fr\/?p=806"},"modified":"2014-04-07T07:52:04","modified_gmt":"2014-04-07T06:52:04","slug":"soyez-courageux-et-allez-vous-confesser","status":"publish","type":"post","link":"https:\/\/www.hommes-adorateurs.fr\/?p=806","title":{"rendered":"Soyez courageux et allez vous confesser."},"content":{"rendered":"<p><em>Extrait de l&rsquo;<a href=\"http:\/\/www.vatican.va\/holy_father\/francesco\/audiences\/2014\/documents\/papa-francesco_20140219_udienza-generale_fr.html\">audience g\u00e9n\u00e9rale du Pape Francois du\u00a0Mercredi 19 f\u00e9vrier 2014<\/a><\/em><\/p>\n<p><a href=\"http:\/\/www.hommes-adorateurs.fr\/wp-content\/uploads\/2014\/02\/confession-Padre-Pio.jpg\"><img loading=\"lazy\" decoding=\"async\" class=\" wp-image-808 alignright\" alt=\"confession Padre Pio\" src=\"http:\/\/www.hommes-adorateurs.fr\/wp-content\/uploads\/2014\/02\/confession-Padre-Pio-263x300.jpg\" width=\"184\" height=\"210\" srcset=\"https:\/\/www.hommes-adorateurs.fr\/wp-content\/uploads\/2014\/02\/confession-Padre-Pio-263x300.jpg 263w, https:\/\/www.hommes-adorateurs.fr\/wp-content\/uploads\/2014\/02\/confession-Padre-Pio.jpg 525w\" sizes=\"auto, (max-width: 184px) 100vw, 184px\" \/><\/a>Le <strong>sacrement de la p\u00e9nitence et de la r\u00e9conciliation<\/strong> na\u00eet directement du myst\u00e8re pascal. En effet, le soir m\u00eame de P\u00e2ques, le Seigneur apparut aux disciples, enferm\u00e9s au c\u00e9nacle, et, apr\u00e8s leur avoir adress\u00e9 son salut \u00ab<em>Paix \u00e0 vous !<\/em>\u00bb, il souffla sur eux et dit : \u00ab<em><strong>Recevez l\u2019Esprit Saint. \u00c0 qui vous remettrez ses p\u00e9ch\u00e9s, ils seront remis<\/strong><\/em>\u00bb (<i>Jn<\/i>\u00a020, 21-23). Ce passage nous r\u00e9v\u00e8le la dynamique la plus profonde qui est contenue dans ce sacrement.<\/p>\n<ul>\n<li>Tout d\u2019abord le fait que <strong>le pardon de nos p\u00e9ch\u00e9s n\u2019est pas quelque chose que nous pouvons nous donner nous-m\u00eames<\/strong>. Moi, <strong>je ne peux pas dire : je me pardonne mes p\u00e9ch\u00e9s<\/strong>. Le pardon se demande, il se demande \u00e0 un autre et dans la confession nous demandons le pardon \u00e0 J\u00e9sus. <strong>Le pardon n\u2019est pas le fruit de nos efforts<\/strong>, mais c\u2019est un <strong>cadeau<\/strong>, c\u2019est un<strong> don de l\u2019Esprit Saint<\/strong>, qui nous comble de la fontaine de mis\u00e9ricorde et de gr\u00e2ce qui jaillit sans cesse du c\u0153ur grand ouvert du Christ crucifi\u00e9 et ressuscit\u00e9.<\/li>\n<li>En second lieu, il nous rappelle que ce n\u2019est que si nous nous laissons r\u00e9concilier dans le Seigneur J\u00e9sus avec le P\u00e8re et avec nos fr\u00e8res que nous pouvons \u00eatre vraiment<strong> dans la paix<\/strong>.<\/li>\n<\/ul>\n<p>(&#8230;)\u00a0Je voudrais vous demander \u2014 mais ne le dites pas \u00e0 haute voix, que chacun se r\u00e9ponde dans son c\u0153ur: <strong>quand t\u2019es-tu confess\u00e9, quand t\u2019es-tu confess\u00e9e pour la derni\u00e8re fois ?<\/strong> Que chacun y pense&#8230; Cela fait deux jours, deux semaines, deux ans, vingt ans, quarante ans ? Que chacun fasse le compte, mais que chacun se dise : quand est-ce que je me suis confess\u00e9 la derni\u00e8re fois ?<strong> Et si beaucoup de temps s\u2019est \u00e9coul\u00e9, ne perds pas un jour de plus, va, le pr\u00eatre sera bon.<\/strong> J\u00e9sus est l\u00e0, et J\u00e9sus est plus bon que les pr\u00eatres,<strong> J\u00e9sus te re\u00e7oit, il te re\u00e7oit avec tant d\u2019amour<\/strong>. <strong>Sois courageux et va te confesser !<\/strong><\/p>\n<p><a href=\"http:\/\/www.hommes-adorateurs.fr\/wp-content\/uploads\/2014\/02\/confession-ukr.jpg\"><img loading=\"lazy\" decoding=\"async\" class=\"aligncenter size-large wp-image-811\" alt=\"confession ukr\" src=\"http:\/\/www.hommes-adorateurs.fr\/wp-content\/uploads\/2014\/02\/confession-ukr-1024x768.jpg\" width=\"610\" height=\"457\" srcset=\"https:\/\/www.hommes-adorateurs.fr\/wp-content\/uploads\/2014\/02\/confession-ukr-1024x768.jpg 1024w, https:\/\/www.hommes-adorateurs.fr\/wp-content\/uploads\/2014\/02\/confession-ukr-300x225.jpg 300w, https:\/\/www.hommes-adorateurs.fr\/wp-content\/uploads\/2014\/02\/confession-ukr.jpg 1344w\" sizes=\"auto, (max-width: 610px) 100vw, 610px\" \/><\/a><\/p>\n","protected":false},"excerpt":{"rendered":"<p>Extrait de l&rsquo;audience g\u00e9n\u00e9rale du Pape Francois du\u00a0Mercredi 19 f\u00e9vrier 2014 Le sacrement de la p\u00e9nitence et de la r\u00e9conciliation na\u00eet directement du myst\u00e8re pascal. En effet, le soir m\u00eame de P\u00e2ques, le Seigneur apparut aux disciples, enferm\u00e9s au c\u00e9nacle, et, apr\u00e8s leur avoir adress\u00e9 son salut \u00abPaix \u00e0 vous !\u00bb, il souffla sur eux &hellip;<\/p>\n","protected":false},"author":2,"featured_media":808,"comment_status":"open","ping_status":"open","sticky":false,"template":"","format":"standard","meta":{"footnotes":""},"categories":[6],"tags":[29,39],"class_list":["post-806","post","type-post","status-publish","format-standard","has-post-thumbnail","hentry","category-articles","tag-confession","tag-pape-francois"],"yoast_head":"<!-- This site is optimized with the Yoast SEO plugin v27.1.1 - https:\/\/yoast.com\/product\/yoast-seo-wordpress\/ -->\n<title>Soyez courageux et allez vous confesser. - Les hommes-adorateurs<\/title>\n<meta name=\"description\" content=\"Extrait de l&#039;audience g\u00e9n\u00e9rale du Pape Francois du\u00a0Mercredi 19 f\u00e9vrier 2014 Le sacrement de la p\u00e9nitence et de la r\u00e9conciliation na\u00eet directement du\" \/>\n<meta name=\"robots\" content=\"index, follow, max-snippet:-1, max-image-preview:large, max-video-preview:-1\" \/>\n<link rel=\"canonical\" href=\"https:\/\/www.hommes-adorateurs.fr\/?p=806\" \/>\n<meta property=\"og:locale\" content=\"fr_FR\" \/>\n<meta property=\"og:type\" content=\"article\" \/>\n<meta property=\"og:title\" content=\"Soyez courageux et allez vous confesser. - Les hommes-adorateurs\" \/>\n<meta property=\"og:description\" content=\"Extrait de l&#039;audience g\u00e9n\u00e9rale du Pape Francois du\u00a0Mercredi 19 f\u00e9vrier 2014 Le sacrement de la p\u00e9nitence et de la r\u00e9conciliation na\u00eet directement du\" \/>\n<meta property=\"og:url\" content=\"https:\/\/www.hommes-adorateurs.fr\/?p=806\" \/>\n<meta property=\"og:site_name\" content=\"Les hommes-adorateurs\" \/>\n<meta property=\"article:published_time\" content=\"2014-04-07T06:30:43+00:00\" \/>\n<meta property=\"article:modified_time\" content=\"2014-04-07T06:52:04+00:00\" \/>\n<meta property=\"og:image\" content=\"https:\/\/www.hommes-adorateurs.fr\/wp-content\/uploads\/2014\/02\/confession-Padre-Pio.jpg\" \/>\n\t<meta property=\"og:image:width\" content=\"525\" \/>\n\t<meta property=\"og:image:height\" content=\"597\" \/>\n\t<meta property=\"og:image:type\" content=\"image\/jpeg\" \/>\n<meta name=\"author\" content=\"Gr\u00e9gory\" \/>\n<meta name=\"twitter:card\" content=\"summary_large_image\" \/>\n<meta name=\"twitter:label1\" content=\"\u00c9crit par\" \/>\n\t<meta name=\"twitter:data1\" content=\"Gr\u00e9gory\" \/>\n\t<meta name=\"twitter:label2\" content=\"Dur\u00e9e de lecture estim\u00e9e\" \/>\n\t<meta name=\"twitter:data2\" content=\"2 minutes\" \/>\n<script type=\"application\/ld+json\" class=\"yoast-schema-graph\">{\"@context\":\"https:\/\/schema.org\",\"@graph\":[{\"@type\":\"Article\",\"@id\":\"https:\/\/www.hommes-adorateurs.fr\/?p=806#article\",\"isPartOf\":{\"@id\":\"https:\/\/www.hommes-adorateurs.fr\/?p=806\"},\"author\":{\"name\":\"Gr\u00e9gory\",\"@id\":\"https:\/\/www.hommes-adorateurs.fr\/#\/schema\/person\/a3d3d8f5ed91b6bf7f1deb55926b625a\"},\"headline\":\"Soyez courageux et allez vous confesser.\",\"datePublished\":\"2014-04-07T06:30:43+00:00\",\"dateModified\":\"2014-04-07T06:52:04+00:00\",\"mainEntityOfPage\":{\"@id\":\"https:\/\/www.hommes-adorateurs.fr\/?p=806\"},\"wordCount\":377,\"commentCount\":0,\"image\":{\"@id\":\"https:\/\/www.hommes-adorateurs.fr\/?p=806#primaryimage\"},\"thumbnailUrl\":\"https:\/\/www.hommes-adorateurs.fr\/wp-content\/uploads\/2014\/02\/confession-Padre-Pio.jpg\",\"keywords\":[\"confession\",\"Pape Fran\u00e7ois\"],\"articleSection\":[\"Articles\"],\"inLanguage\":\"fr-FR\",\"potentialAction\":[{\"@type\":\"CommentAction\",\"name\":\"Comment\",\"target\":[\"https:\/\/www.hommes-adorateurs.fr\/?p=806#respond\"]}]},{\"@type\":\"WebPage\",\"@id\":\"https:\/\/www.hommes-adorateurs.fr\/?p=806\",\"url\":\"https:\/\/www.hommes-adorateurs.fr\/?p=806\",\"name\":\"Soyez courageux et allez vous confesser. - Les hommes-adorateurs\",\"isPartOf\":{\"@id\":\"https:\/\/www.hommes-adorateurs.fr\/#website\"},\"primaryImageOfPage\":{\"@id\":\"https:\/\/www.hommes-adorateurs.fr\/?p=806#primaryimage\"},\"image\":{\"@id\":\"https:\/\/www.hommes-adorateurs.fr\/?p=806#primaryimage\"},\"thumbnailUrl\":\"https:\/\/www.hommes-adorateurs.fr\/wp-content\/uploads\/2014\/02\/confession-Padre-Pio.jpg\",\"datePublished\":\"2014-04-07T06:30:43+00:00\",\"dateModified\":\"2014-04-07T06:52:04+00:00\",\"author\":{\"@id\":\"https:\/\/www.hommes-adorateurs.fr\/#\/schema\/person\/a3d3d8f5ed91b6bf7f1deb55926b625a\"},\"description\":\"Extrait de l'audience g\u00e9n\u00e9rale du Pape Francois du\u00a0Mercredi 19 f\u00e9vrier 2014 Le sacrement de la p\u00e9nitence et de la r\u00e9conciliation na\u00eet directement du\",\"breadcrumb\":{\"@id\":\"https:\/\/www.hommes-adorateurs.fr\/?p=806#breadcrumb\"},\"inLanguage\":\"fr-FR\",\"potentialAction\":[{\"@type\":\"ReadAction\",\"target\":[\"https:\/\/www.hommes-adorateurs.fr\/?p=806\"]}]},{\"@type\":\"ImageObject\",\"inLanguage\":\"fr-FR\",\"@id\":\"https:\/\/www.hommes-adorateurs.fr\/?p=806#primaryimage\",\"url\":\"https:\/\/www.hommes-adorateurs.fr\/wp-content\/uploads\/2014\/02\/confession-Padre-Pio.jpg\",\"contentUrl\":\"https:\/\/www.hommes-adorateurs.fr\/wp-content\/uploads\/2014\/02\/confession-Padre-Pio.jpg\",\"width\":525,\"height\":597},{\"@type\":\"BreadcrumbList\",\"@id\":\"https:\/\/www.hommes-adorateurs.fr\/?p=806#breadcrumb\",\"itemListElement\":[{\"@type\":\"ListItem\",\"position\":1,\"name\":\"Accueil\",\"item\":\"https:\/\/www.hommes-adorateurs.fr\/\"},{\"@type\":\"ListItem\",\"position\":2,\"name\":\"Soyez courageux et allez vous confesser.\"}]},{\"@type\":\"WebSite\",\"@id\":\"https:\/\/www.hommes-adorateurs.fr\/#website\",\"url\":\"https:\/\/www.hommes-adorateurs.fr\/\",\"name\":\"Les hommes-adorateurs\",\"description\":\"Un saint est un homme avant d\u2019\u00eatre un saint. Un saint peut na\u00eetre en toute sorte d\u2019homme.  Gilbert Keith Chesterton\",\"potentialAction\":[{\"@type\":\"SearchAction\",\"target\":{\"@type\":\"EntryPoint\",\"urlTemplate\":\"https:\/\/www.hommes-adorateurs.fr\/?s={search_term_string}\"},\"query-input\":{\"@type\":\"PropertyValueSpecification\",\"valueRequired\":true,\"valueName\":\"search_term_string\"}}],\"inLanguage\":\"fr-FR\"},{\"@type\":\"Person\",\"@id\":\"https:\/\/www.hommes-adorateurs.fr\/#\/schema\/person\/a3d3d8f5ed91b6bf7f1deb55926b625a\",\"name\":\"Gr\u00e9gory\",\"image\":{\"@type\":\"ImageObject\",\"inLanguage\":\"fr-FR\",\"@id\":\"https:\/\/www.hommes-adorateurs.fr\/#\/schema\/person\/image\/\",\"url\":\"https:\/\/secure.gravatar.com\/avatar\/8a2d5be3467ed460a507b5e187731ee898691d21c11235bdf2801e61e2129363?s=96&d=mm&r=g\",\"contentUrl\":\"https:\/\/secure.gravatar.com\/avatar\/8a2d5be3467ed460a507b5e187731ee898691d21c11235bdf2801e61e2129363?s=96&d=mm&r=g\",\"caption\":\"Gr\u00e9gory\"},\"sameAs\":[\"http:\/\/www.hommes-adorateurs.fr\/\"],\"url\":\"https:\/\/www.hommes-adorateurs.fr\/?author=2\"}]}<\/script>\n<!-- \/ Yoast SEO plugin. -->","yoast_head_json":{"title":"Soyez courageux et allez vous confesser. - Les hommes-adorateurs","description":"Extrait de l'audience g\u00e9n\u00e9rale du Pape Francois du\u00a0Mercredi 19 f\u00e9vrier 2014 Le sacrement de la p\u00e9nitence et de la r\u00e9conciliation na\u00eet directement du","robots":{"index":"index","follow":"follow","max-snippet":"max-snippet:-1","max-image-preview":"max-image-preview:large","max-video-preview":"max-video-preview:-1"},"canonical":"https:\/\/www.hommes-adorateurs.fr\/?p=806","og_locale":"fr_FR","og_type":"article","og_title":"Soyez courageux et allez vous confesser. - Les hommes-adorateurs","og_description":"Extrait de l'audience g\u00e9n\u00e9rale du Pape Francois du\u00a0Mercredi 19 f\u00e9vrier 2014 Le sacrement de la p\u00e9nitence et de la r\u00e9conciliation na\u00eet directement du","og_url":"https:\/\/www.hommes-adorateurs.fr\/?p=806","og_site_name":"Les hommes-adorateurs","article_published_time":"2014-04-07T06:30:43+00:00","article_modified_time":"2014-04-07T06:52:04+00:00","og_image":[{"width":525,"height":597,"url":"https:\/\/www.hommes-adorateurs.fr\/wp-content\/uploads\/2014\/02\/confession-Padre-Pio.jpg","type":"image\/jpeg"}],"author":"Gr\u00e9gory","twitter_card":"summary_large_image","twitter_misc":{"\u00c9crit par":"Gr\u00e9gory","Dur\u00e9e de lecture estim\u00e9e":"2 minutes"},"schema":{"@context":"https:\/\/schema.org","@graph":[{"@type":"Article","@id":"https:\/\/www.hommes-adorateurs.fr\/?p=806#article","isPartOf":{"@id":"https:\/\/www.hommes-adorateurs.fr\/?p=806"},"author":{"name":"Gr\u00e9gory","@id":"https:\/\/www.hommes-adorateurs.fr\/#\/schema\/person\/a3d3d8f5ed91b6bf7f1deb55926b625a"},"headline":"Soyez courageux et allez vous confesser.","datePublished":"2014-04-07T06:30:43+00:00","dateModified":"2014-04-07T06:52:04+00:00","mainEntityOfPage":{"@id":"https:\/\/www.hommes-adorateurs.fr\/?p=806"},"wordCount":377,"commentCount":0,"image":{"@id":"https:\/\/www.hommes-adorateurs.fr\/?p=806#primaryimage"},"thumbnailUrl":"https:\/\/www.hommes-adorateurs.fr\/wp-content\/uploads\/2014\/02\/confession-Padre-Pio.jpg","keywords":["confession","Pape Fran\u00e7ois"],"articleSection":["Articles"],"inLanguage":"fr-FR","potentialAction":[{"@type":"CommentAction","name":"Comment","target":["https:\/\/www.hommes-adorateurs.fr\/?p=806#respond"]}]},{"@type":"WebPage","@id":"https:\/\/www.hommes-adorateurs.fr\/?p=806","url":"https:\/\/www.hommes-adorateurs.fr\/?p=806","name":"Soyez courageux et allez vous confesser. - Les hommes-adorateurs","isPartOf":{"@id":"https:\/\/www.hommes-adorateurs.fr\/#website"},"primaryImageOfPage":{"@id":"https:\/\/www.hommes-adorateurs.fr\/?p=806#primaryimage"},"image":{"@id":"https:\/\/www.hommes-adorateurs.fr\/?p=806#primaryimage"},"thumbnailUrl":"https:\/\/www.hommes-adorateurs.fr\/wp-content\/uploads\/2014\/02\/confession-Padre-Pio.jpg","datePublished":"2014-04-07T06:30:43+00:00","dateModified":"2014-04-07T06:52:04+00:00","author":{"@id":"https:\/\/www.hommes-adorateurs.fr\/#\/schema\/person\/a3d3d8f5ed91b6bf7f1deb55926b625a"},"description":"Extrait de l'audience g\u00e9n\u00e9rale du Pape Francois du\u00a0Mercredi 19 f\u00e9vrier 2014 Le sacrement de la p\u00e9nitence et de la r\u00e9conciliation na\u00eet directement du","breadcrumb":{"@id":"https:\/\/www.hommes-adorateurs.fr\/?p=806#breadcrumb"},"inLanguage":"fr-FR","potentialAction":[{"@type":"ReadAction","target":["https:\/\/www.hommes-adorateurs.fr\/?p=806"]}]},{"@type":"ImageObject","inLanguage":"fr-FR","@id":"https:\/\/www.hommes-adorateurs.fr\/?p=806#primaryimage","url":"https:\/\/www.hommes-adorateurs.fr\/wp-content\/uploads\/2014\/02\/confession-Padre-Pio.jpg","contentUrl":"https:\/\/www.hommes-adorateurs.fr\/wp-content\/uploads\/2014\/02\/confession-Padre-Pio.jpg","width":525,"height":597},{"@type":"BreadcrumbList","@id":"https:\/\/www.hommes-adorateurs.fr\/?p=806#breadcrumb","itemListElement":[{"@type":"ListItem","position":1,"name":"Accueil","item":"https:\/\/www.hommes-adorateurs.fr\/"},{"@type":"ListItem","position":2,"name":"Soyez courageux et allez vous confesser."}]},{"@type":"WebSite","@id":"https:\/\/www.hommes-adorateurs.fr\/#website","url":"https:\/\/www.hommes-adorateurs.fr\/","name":"Les hommes-adorateurs","description":"Un saint est un homme avant d\u2019\u00eatre un saint. Un saint peut na\u00eetre en toute sorte d\u2019homme.  Gilbert Keith Chesterton","potentialAction":[{"@type":"SearchAction","target":{"@type":"EntryPoint","urlTemplate":"https:\/\/www.hommes-adorateurs.fr\/?s={search_term_string}"},"query-input":{"@type":"PropertyValueSpecification","valueRequired":true,"valueName":"search_term_string"}}],"inLanguage":"fr-FR"},{"@type":"Person","@id":"https:\/\/www.hommes-adorateurs.fr\/#\/schema\/person\/a3d3d8f5ed91b6bf7f1deb55926b625a","name":"Gr\u00e9gory","image":{"@type":"ImageObject","inLanguage":"fr-FR","@id":"https:\/\/www.hommes-adorateurs.fr\/#\/schema\/person\/image\/","url":"https:\/\/secure.gravatar.com\/avatar\/8a2d5be3467ed460a507b5e187731ee898691d21c11235bdf2801e61e2129363?s=96&d=mm&r=g","contentUrl":"https:\/\/secure.gravatar.com\/avatar\/8a2d5be3467ed460a507b5e187731ee898691d21c11235bdf2801e61e2129363?s=96&d=mm&r=g","caption":"Gr\u00e9gory"},"sameAs":["http:\/\/www.hommes-adorateurs.fr\/"],"url":"https:\/\/www.hommes-adorateurs.fr\/?author=2"}]}},"_links":{"self":[{"href":"https:\/\/www.hommes-adorateurs.fr\/index.php?rest_route=\/wp\/v2\/posts\/806","targetHints":{"allow":["GET"]}}],"collection":[{"href":"https:\/\/www.hommes-adorateurs.fr\/index.php?rest_route=\/wp\/v2\/posts"}],"about":[{"href":"https:\/\/www.hommes-adorateurs.fr\/index.php?rest_route=\/wp\/v2\/types\/post"}],"author":[{"embeddable":true,"href":"https:\/\/www.hommes-adorateurs.fr\/index.php?rest_route=\/wp\/v2\/users\/2"}],"replies":[{"embeddable":true,"href":"https:\/\/www.hommes-adorateurs.fr\/index.php?rest_route=%2Fwp%2Fv2%2Fcomments&post=806"}],"version-history":[{"count":3,"href":"https:\/\/www.hommes-adorateurs.fr\/index.php?rest_route=\/wp\/v2\/posts\/806\/revisions"}],"predecessor-version":[{"id":812,"href":"https:\/\/www.hommes-adorateurs.fr\/index.php?rest_route=\/wp\/v2\/posts\/806\/revisions\/812"}],"wp:featuredmedia":[{"embeddable":true,"href":"https:\/\/www.hommes-adorateurs.fr\/index.php?rest_route=\/wp\/v2\/media\/808"}],"wp:attachment":[{"href":"https:\/\/www.hommes-adorateurs.fr\/index.php?rest_route=%2Fwp%2Fv2%2Fmedia&parent=806"}],"wp:term":[{"taxonomy":"category","embeddable":true,"href":"https:\/\/www.hommes-adorateurs.fr\/index.php?rest_route=%2Fwp%2Fv2%2Fcategories&post=806"},{"taxonomy":"post_tag","embeddable":true,"href":"https:\/\/www.hommes-adorateurs.fr\/index.php?rest_route=%2Fwp%2Fv2%2Ftags&post=806"}],"curies":[{"name":"wp","href":"https:\/\/api.w.org\/{rel}","templated":true}]}}